{"id":101228,"date":"2012-08-24T00:12:08","date_gmt":"2012-08-24T00:12:08","guid":{"rendered":"http:\/\/www.fuldaer-nachrichten.de\/?p=101228"},"modified":"2012-08-23T14:10:30","modified_gmt":"2012-08-23T14:10:30","slug":"vorbereitungen-zum-7-hanauer-lieferantentag-beginnen","status":"publish","type":"post","link":"https:\/\/www.fuldaernachrichten.de\/?p=101228","title":{"rendered":"Vorbereitungen zum 7. Hanauer Lieferantentag beginnen"},"content":{"rendered":"<p><a href=\"http:\/\/www.fuldaer-nachrichten.de\/wp-content\/uploads\/2012\/08\/118lt.jpg\"><img decoding=\"async\" class=\"alignleft size-thumbnail wp-image-101229\" title=\"118lt\" src=\"http:\/\/www.fuldaer-nachrichten.de\/wp-content\/uploads\/2012\/08\/118lt-265x176.jpg\" alt=\"\" width=\"265\" height=\"176\" srcset=\"https:\/\/www.fuldaernachrichten.de\/wp-content\/uploads\/2012\/08\/118lt-265x176.jpg 265w, https:\/\/www.fuldaernachrichten.de\/wp-content\/uploads\/2012\/08\/118lt.jpg 600w\" sizes=\"(max-width: 265px) 100vw, 265px\" \/><\/a>Hanau. F\u00fcr den 7 . Hanauer Lieferantentag am Donnerstag und Freitag, dem 6. und 7. Juni 2013, suchen die Ausrichter ab sofort Aussteller. Die einzige regionale Industriezulieferer-Messe im Rhein-Main-Gebiet findet wieder im Congress Park Hanau statt. Gut geeignet ist die Messe f\u00fcr alle Zulieferbetriebe aus Handel, Handwerk, Industrie sowie Dienstleistungswirtschaft. Die Standgeb\u00fchr betr\u00e4gt f\u00fcr einen Messestand mit neun Quadratmeter Grundfl\u00e4che 585,00 \u00e2\u201a\u00ac zuz\u00fcglich Mehrwertsteuer. Aussteller, die sich bis zum 30. September 2012 anmelden, erhalten einen Fr\u00fchbucherrabatt von zehn Prozent. <!--more--><\/p>\n<p>Der Lieferantentag wird vom regionalen Arbeitskreis des Bundesverbandes Materialwirtschaft, Einkauf und Logistik e.V. (BME) und der Industrie- und Handelskammer (IHK) Hanau-Gelnhausen-Schl\u00fcchtern organisiert und von der Stadt Hanau unterst\u00fctzt. Die Hausmesse f\u00fcr die Region sorgt f\u00fcr einen guten \u00dcberblick \u00fcber die Angebotspalette der Wirtschaft am Standort. Auf den fr\u00fcheren Lieferantentagen ergaben sich vielf\u00e4ltige gesch\u00e4ftliche Kontakte.<br \/>\nAuch der 7. Hanauer Lieferantentag soll wieder \u00fcber einhundert Aussteller haben sowie erneut etwa 500 Fachbesucher anziehen. Eink\u00e4ufer, Entwickler und an regionalen Kooperationen interessierte Unternehmer sollten sich diesen Termin bereits jetzt vormerken. Unternehmen, die sich vor Ort pr\u00e4sentieren wollen, finden weitere Informationen und die Anmeldeunterlagen online unter www.lieferantentag.de. Weitere Informationen erhalten Sie bei Cornelia Griebel unter Telefon (06181) 92 90-8711.<\/p>\n<p>Bild: Der 7. Hanauer Lieferantentag zeigt am 6. und 7. Juni 2013 wieder die wirtschaftliche Vielfalt der Region. F\u00fcr Eink\u00e4ufer und Materialwirtschaftsleiter, aber auch f\u00fcr Techniker, Gesch\u00e4ftsf\u00fchrer und Unternehmer bietet die Plattform interessante Kontaktm\u00f6glichkeiten.<\/p>\n","protected":false},"excerpt":{"rendered":"<div class=\"tmnf_excerpt\"><p>Hanau. F\u00fcr den 7 . Hanauer Lieferantentag am Donnerstag und Freitag, dem 6. und 7. Juni 2013, suchen die Ausrichter ab sofort Aussteller. Die einzige regionale Industriezulieferer-Messe im Rhein-Main-Gebiet findet wieder im Congress Park Hanau statt. Gut geeignet ist die Messe f\u00fcr alle Zulieferbetriebe aus Handel, Handwerk, Industrie sowie Dienstleistungswirtschaft. Die Standgeb\u00fchr betr\u00e4gt f\u00fcr einen &hellip;<\/p>\n<\/div>","protected":false},"author":1,"featured_media":0,"comment_status":"closed","ping_status":"closed","sticky":false,"template":"","format":"standard","meta":{"footnotes":""},"categories":[1,29],"tags":[],"class_list":["post-101228","post","type-post","status-publish","format-standard","hentry","category-startseite","category-politik"],"_links":{"self":[{"href":"https:\/\/www.fuldaernachrichten.de\/index.php?rest_route=\/wp\/v2\/posts\/101228","targetHints":{"allow":["GET"]}}],"collection":[{"href":"https:\/\/www.fuldaernachrichten.de\/index.php?rest_route=\/wp\/v2\/posts"}],"about":[{"href":"https:\/\/www.fuldaernachrichten.de\/index.php?rest_route=\/wp\/v2\/types\/post"}],"author":[{"embeddable":true,"href":"https:\/\/www.fuldaernachrichten.de\/index.php?rest_route=\/wp\/v2\/users\/1"}],"replies":[{"embeddable":true,"href":"https:\/\/www.fuldaernachrichten.de\/index.php?rest_route=%2Fwp%2Fv2%2Fcomments&post=101228"}],"version-history":[{"count":0,"href":"https:\/\/www.fuldaernachrichten.de\/index.php?rest_route=\/wp\/v2\/posts\/101228\/revisions"}],"wp:attachment":[{"href":"https:\/\/www.fuldaernachrichten.de\/index.php?rest_route=%2Fwp%2Fv2%2Fmedia&parent=101228"}],"wp:term":[{"taxonomy":"category","embeddable":true,"href":"https:\/\/www.fuldaernachrichten.de\/index.php?rest_route=%2Fwp%2Fv2%2Fcategories&post=101228"},{"taxonomy":"post_tag","embeddable":true,"href":"https:\/\/www.fuldaernachrichten.de\/index.php?rest_route=%2Fwp%2Fv2%2Ftags&post=101228"}],"curies":[{"name":"wp","href":"https:\/\/api.w.org\/{rel}","templated":true}]}}