{"id":101219,"date":"2012-08-24T00:11:57","date_gmt":"2012-08-24T00:11:57","guid":{"rendered":"http:\/\/www.fuldaer-nachrichten.de\/?p=101219"},"modified":"2012-08-23T14:00:19","modified_gmt":"2012-08-23T14:00:19","slug":"neue-gesichter-in-der-evangelischen-klinikseelsorge-am-klinikum-fulda","status":"publish","type":"post","link":"https:\/\/www.fuldaernachrichten.de\/?p=101219","title":{"rendered":"Neue Gesichter in der evangelischen Klinikseelsorge am Klinikum Fulda"},"content":{"rendered":"<p><a href=\"http:\/\/www.fuldaer-nachrichten.de\/wp-content\/uploads\/2012\/08\/Seelsorge_DSC_5372-4.jpg\"><img decoding=\"async\" class=\"alignleft size-thumbnail wp-image-101220\" title=\"Seelsorge_DSC_5372-(4)\" src=\"http:\/\/www.fuldaer-nachrichten.de\/wp-content\/uploads\/2012\/08\/Seelsorge_DSC_5372-4-265x175.jpg\" alt=\"\" width=\"265\" height=\"175\" srcset=\"https:\/\/www.fuldaernachrichten.de\/wp-content\/uploads\/2012\/08\/Seelsorge_DSC_5372-4-265x175.jpg 265w, https:\/\/www.fuldaernachrichten.de\/wp-content\/uploads\/2012\/08\/Seelsorge_DSC_5372-4.jpg 592w\" sizes=\"(max-width: 265px) 100vw, 265px\" \/><\/a>Fulda. Am 22.08.2012 wurden Pfarrerin Annett Schulte und Pfarrer Heinz-Georg Henning im Rahmen eines Gottesdienstes in ihren Dienst in der Seelsorge am Klinikum Fulda\u00c2\u00a0 eingef\u00fchrt. Pfarrerin Nikola Haupt, die den Gottesdienst gestaltet hat freut sich \u00fcber die Verst\u00e4rkung f\u00fcr das Team der evangelischen Klinikseelsorge. Seit Anfang April diesen Jahres wirkt Heinz-Georg Henning bereits am Klinikum mit und seit Anfang Juni verst\u00e4rkt\u00c2\u00a0 Annett Schulte das evangelische Team. Pfarrerin Schulte ist verheiratet und lebt mit ihrem Mann und den drei S\u00f6hnen in Bad Salzschlirf. <!--more--><\/p>\n<p>Pfarrer Henning ist ebenfalls verheiratet und lebt mit seiner Frau und den drei S\u00f6hnen in K\u00fcnzell. Zu ihren Aufgaben z\u00e4hlen die Besuche der Patientinnen und Patienten ebenso wie die Gespr\u00e4che mit Mitarbeitern des Klinikums, die Gottesdienste in der Kapelle des Klinikums und die Rufbereitschaft, um im Notfall hilfsbed\u00fcrftigen Menschen seelsorgerlich beizustehen.<\/p>\n<p>Zum evangelischen Team der Klinikseelsorge \u00c2\u00a0geh\u00f6ren weiterhin die Pfarrerinnen Martina Walter, Sonja Panhoff und Elsemarie Schmidt-Nohl. Der langj\u00e4hrige Klinikseelsorger Pfarrer Burkhard Enners wird im Klinikum Fulda weiterhin die Gottesdienste mit gestalten und\u00c2\u00a0 in der Rufbereitschaft zur Verf\u00fcgung stehen.<\/p>\n<p>Foto: Das Team der evangelischen Klinikseelsorge (v. links): Pfarrerin Martina Walter, Pfarrer Burkhard Enners, Pfarrerin Annett Schulte, Pfarrer Heinz-Georg Henning, Pfarrerin Elsemarie Schmidt-Nohl, Pfarrerin Sonja Panhoff \/ Foto: Barbara Froese<\/p>\n","protected":false},"excerpt":{"rendered":"<div class=\"tmnf_excerpt\"><p>Fulda. Am 22.08.2012 wurden Pfarrerin Annett Schulte und Pfarrer Heinz-Georg Henning im Rahmen eines Gottesdienstes in ihren Dienst in der Seelsorge am Klinikum Fulda\u00c2\u00a0 eingef\u00fchrt. Pfarrerin Nikola Haupt, die den Gottesdienst gestaltet hat freut sich \u00fcber die Verst\u00e4rkung f\u00fcr das Team der evangelischen Klinikseelsorge. Seit Anfang April diesen Jahres wirkt Heinz-Georg Henning bereits am Klinikum &hellip;<\/p>\n<\/div>","protected":false},"author":1,"featured_media":0,"comment_status":"closed","ping_status":"closed","sticky":false,"template":"","format":"standard","meta":{"footnotes":""},"categories":[1,51,50],"tags":[],"class_list":["post-101219","post","type-post","status-publish","format-standard","hentry","category-startseite","category-medizin","category-kirche"],"_links":{"self":[{"href":"https:\/\/www.fuldaernachrichten.de\/index.php?rest_route=\/wp\/v2\/posts\/101219","targetHints":{"allow":["GET"]}}],"collection":[{"href":"https:\/\/www.fuldaernachrichten.de\/index.php?rest_route=\/wp\/v2\/posts"}],"about":[{"href":"https:\/\/www.fuldaernachrichten.de\/index.php?rest_route=\/wp\/v2\/types\/post"}],"author":[{"embeddable":true,"href":"https:\/\/www.fuldaernachrichten.de\/index.php?rest_route=\/wp\/v2\/users\/1"}],"replies":[{"embeddable":true,"href":"https:\/\/www.fuldaernachrichten.de\/index.php?rest_route=%2Fwp%2Fv2%2Fcomments&post=101219"}],"version-history":[{"count":0,"href":"https:\/\/www.fuldaernachrichten.de\/index.php?rest_route=\/wp\/v2\/posts\/101219\/revisions"}],"wp:attachment":[{"href":"https:\/\/www.fuldaernachrichten.de\/index.php?rest_route=%2Fwp%2Fv2%2Fmedia&parent=101219"}],"wp:term":[{"taxonomy":"category","embeddable":true,"href":"https:\/\/www.fuldaernachrichten.de\/index.php?rest_route=%2Fwp%2Fv2%2Fcategories&post=101219"},{"taxonomy":"post_tag","embeddable":true,"href":"https:\/\/www.fuldaernachrichten.de\/index.php?rest_route=%2Fwp%2Fv2%2Ftags&post=101219"}],"curies":[{"name":"wp","href":"https:\/\/api.w.org\/{rel}","templated":true}]}}