{"id":101212,"date":"2012-08-24T00:13:07","date_gmt":"2012-08-24T00:13:07","guid":{"rendered":"http:\/\/www.fuldaer-nachrichten.de\/?p=101212"},"modified":"2012-08-23T13:50:59","modified_gmt":"2012-08-23T13:50:59","slug":"selbsthilfegruppen-aus-der-region-fulda-stellen-sich-morgen-auf-dem-uniplatz-vor","status":"publish","type":"post","link":"https:\/\/www.fuldaernachrichten.de\/?p=101212","title":{"rendered":"Selbsthilfegruppen aus der Region Fulda stellen sich morgen auf dem Uniplatz vor"},"content":{"rendered":"<p><strong><\/strong>Fulda. Zum vierten Mal veranstaltet das Selbsthilfeb\u00fcro Osthessen in Fulda einen Tag der Selbsthilfe. 30 Selbsthilfegruppen, Verb\u00e4nde und Beratungsstellen aus der Region (s. Liste im Anhang) pr\u00e4sentieren sich am Samstag, dem 25.08. auf dem Universit\u00e4tsplatz in Fulda mit vielf\u00e4ltigen Informationen. Zahlreiche Vertreterinnen und Vertreter der Gruppen freuen sich darauf, an ihren Infost\u00e4nden mit interessierten B\u00fcrgerinnen und B\u00fcrgern Gespr\u00e4che zu f\u00fchren. Die Veranstaltung steht unter der Schirmherrschaft des Fuldaer B\u00fcrgermeisters und Sozialdezernenten Dr. Wolfgang Dippel. Sie wird vom Landesgesch\u00e4ftsf\u00fchrer des PARIT\u00c4TISCHEN Hessen G\u00fcnter Woltering er\u00f6ffnet.<!--more--><\/p>\n<p>Es ist folgender Ablauf geplant:<\/p>\n<p>11.00 Uhr\u00c2\u00a0\u00c2\u00a0\u00c2\u00a0\u00c2\u00a0\u00c2\u00a0\u00c2\u00a0\u00c2\u00a0\u00c2\u00a0\u00c2\u00a0\u00c2\u00a0\u00c2\u00a0 Begr\u00fc\u00dfung durch Christine Kircher, Selbsthilfeb\u00fcro Osthessen<br \/>\n11.10 Uhr\u00c2\u00a0\u00c2\u00a0\u00c2\u00a0\u00c2\u00a0\u00c2\u00a0\u00c2\u00a0\u00c2\u00a0\u00c2\u00a0\u00c2\u00a0\u00c2\u00a0\u00c2\u00a0 Er\u00f6ffnung durch G\u00fcnter Woltering, Landesgesch\u00e4ftsf\u00fchrer des PARIT\u00c4TISCHEN Hessen e.V.<br \/>\n11.20 Uhr\u00c2\u00a0\u00c2\u00a0\u00c2\u00a0\u00c2\u00a0\u00c2\u00a0\u00c2\u00a0\u00c2\u00a0\u00c2\u00a0\u00c2\u00a0\u00c2\u00a0\u00c2\u00a0 Ansprache des Schirmherrn B\u00fcrgermeister Dr. Dippel<\/p>\n<p>Anschlie\u00dfend werden in der benachbarten Dalbergschule folgende Vortr\u00e4ge angeboten:<\/p>\n<p>12.00 Uhr \u00c2\u00a0\u00c2\u00a0\u00c2\u00a0\u00c2\u00a0\u00c2\u00a0\u00c2\u00a0\u00c2\u00a0\u00c2\u00a0\u00c2\u00a0\u00c2\u00a0\u00c2\u00a0 Wege aus der Sucht (Herr Krenzer, SHG Freundeskreis)<br \/>\n13.00 Uhr\u00c2\u00a0\u00c2\u00a0\u00c2\u00a0\u00c2\u00a0\u00c2\u00a0\u00c2\u00a0\u00c2\u00a0\u00c2\u00a0\u00c2\u00a0\u00c2\u00a0\u00c2\u00a0 Organspende schenkt Leben (Frau Popp, SHG Niere)<br \/>\n15.00 Uhr\u00c2\u00a0\u00c2\u00a0\u00c2\u00a0\u00c2\u00a0\u00c2\u00a0\u00c2\u00a0\u00c2\u00a0\u00c2\u00a0\u00c2\u00a0\u00c2\u00a0 Nahrungsmittelunvertr\u00e4glichkeit (Herr M\u00f6ller, SHG Nahrungsmittelunvertr\u00e4glichkeiten)<\/p>\n<p>Zur Er\u00f6ffnung des Selbsthilfetages spielt die Kapelle des Antoniusheims; ab 14.30 Uhr wird die Trommelgruppe \u201eBanzai\u201c spielen. In Selbsthilfegruppen schlie\u00dfen sich Menschen zusammen, die von einer chronischen Krankheit, einer Behinderung oder von einer Lebenskrise betroffen sind. Sie tauschen wichtige Informationen aus und sprechen \u00fcber ihre Erfahrungen. Die gegenseitige Unterst\u00fctzung und gemeinsame Aktivit\u00e4ten tragen oft entscheidend dazu bei, chroni-sche Krankheiten und Krisen besser zu bew\u00e4ltigen und den Alltag wieder besser zu bew\u00e4ltigen.<\/p>\n","protected":false},"excerpt":{"rendered":"<div class=\"tmnf_excerpt\"><p>Fulda. Zum vierten Mal veranstaltet das Selbsthilfeb\u00fcro Osthessen in Fulda einen Tag der Selbsthilfe. 30 Selbsthilfegruppen, Verb\u00e4nde und Beratungsstellen aus der Region (s. Liste im Anhang) pr\u00e4sentieren sich am Samstag, dem 25.08. auf dem Universit\u00e4tsplatz in Fulda mit vielf\u00e4ltigen Informationen. Zahlreiche Vertreterinnen und Vertreter der Gruppen freuen sich darauf, an ihren Infost\u00e4nden mit interessierten B\u00fcrgerinnen &hellip;<\/p>\n<\/div>","protected":false},"author":1,"featured_media":0,"comment_status":"closed","ping_status":"closed","sticky":false,"template":"","format":"standard","meta":{"footnotes":""},"categories":[1,51],"tags":[],"class_list":["post-101212","post","type-post","status-publish","format-standard","hentry","category-startseite","category-medizin"],"_links":{"self":[{"href":"https:\/\/www.fuldaernachrichten.de\/index.php?rest_route=\/wp\/v2\/posts\/101212","targetHints":{"allow":["GET"]}}],"collection":[{"href":"https:\/\/www.fuldaernachrichten.de\/index.php?rest_route=\/wp\/v2\/posts"}],"about":[{"href":"https:\/\/www.fuldaernachrichten.de\/index.php?rest_route=\/wp\/v2\/types\/post"}],"author":[{"embeddable":true,"href":"https:\/\/www.fuldaernachrichten.de\/index.php?rest_route=\/wp\/v2\/users\/1"}],"replies":[{"embeddable":true,"href":"https:\/\/www.fuldaernachrichten.de\/index.php?rest_route=%2Fwp%2Fv2%2Fcomments&post=101212"}],"version-history":[{"count":1,"href":"https:\/\/www.fuldaernachrichten.de\/index.php?rest_route=\/wp\/v2\/posts\/101212\/revisions"}],"predecessor-version":[{"id":101213,"href":"https:\/\/www.fuldaernachrichten.de\/index.php?rest_route=\/wp\/v2\/posts\/101212\/revisions\/101213"}],"wp:attachment":[{"href":"https:\/\/www.fuldaernachrichten.de\/index.php?rest_route=%2Fwp%2Fv2%2Fmedia&parent=101212"}],"wp:term":[{"taxonomy":"category","embeddable":true,"href":"https:\/\/www.fuldaernachrichten.de\/index.php?rest_route=%2Fwp%2Fv2%2Fcategories&post=101212"},{"taxonomy":"post_tag","embeddable":true,"href":"https:\/\/www.fuldaernachrichten.de\/index.php?rest_route=%2Fwp%2Fv2%2Ftags&post=101212"}],"curies":[{"name":"wp","href":"https:\/\/api.w.org\/{rel}","templated":true}]}}