{"id":10121,"date":"2008-07-04T01:34:52","date_gmt":"2008-07-03T23:34:52","guid":{"rendered":"http:\/\/www.schoene-nachrichten.de\/?p=10121"},"modified":"2008-07-03T15:57:38","modified_gmt":"2008-07-03T13:57:38","slug":"festakademie-zum-gedaechtnis-von-oberst-helmut-korn","status":"publish","type":"post","link":"https:\/\/www.fuldaernachrichten.de\/?p=10121","title":{"rendered":"Festakademie zum Ged\u00e4chtnis von Oberst Helmut Korn"},"content":{"rendered":"<p><strong>Fulda.<\/strong> Zum 25. Jahrged\u00e4chtnis von Oberst Dr. Helmut Korn, Mitbegr\u00fcnder der Gemeinschaft Katholischer Soldaten, vormals des K\u00f6nigsteiners Offizierskreises, fand am 19\/20. Juni 2008 im Bonifatiushaus Fulda eine Festakademie statt. Anwesend waren unter vielen Mitgliedern der GKS die Ehefrau und der Sohn von Oberst Korn.<\/p>\n<p><strong>Fotos (27):<\/strong> Elisabeth Miller<\/p>\n<p><a title=\"Foto: Max Colin Heydenreich\" rel=\"lightbox[roadtrip]\" href=\"http:\/\/www.schoene-nachrichten.de\/wp-content\/uploads\/2008\/07\/080703_Miller_006.jpg\" target=\"_blank\"><img decoding=\"async\" src=\"http:\/\/www.schoene-nachrichten.de\/wp-content\/uploads\/2008\/07\/080703_Miller_006.thumbnail.jpg\" alt=\"080703_Miller_006.jpg\" width=\"128\" \/><\/a> <a title=\"Foto: Max Colin Heydenreich\" rel=\"lightbox[roadtrip]\" href=\"http:\/\/www.schoene-nachrichten.de\/wp-content\/uploads\/2008\/07\/080703_Miller_010.jpg\" target=\"_blank\"><img decoding=\"async\" src=\"http:\/\/www.schoene-nachrichten.de\/wp-content\/uploads\/2008\/07\/080703_Miller_010.thumbnail.jpg\" alt=\"080703_Miller_010.jpg\" width=\"128\" \/><\/a> <a title=\"Foto: Max Colin Heydenreich\" rel=\"lightbox[roadtrip]\" href=\"http:\/\/www.schoene-nachrichten.de\/wp-content\/uploads\/2008\/07\/080703_Miller_011.jpg\" target=\"_blank\"><img decoding=\"async\" src=\"http:\/\/www.schoene-nachrichten.de\/wp-content\/uploads\/2008\/07\/080703_Miller_011.thumbnail.jpg\" alt=\"080703_Miller_011.jpg\" width=\"128\" \/><\/a><\/p>\n<p><a title=\"Foto: Max Colin Heydenreich\" rel=\"lightbox[roadtrip]\" href=\"http:\/\/www.schoene-nachrichten.de\/wp-content\/uploads\/2008\/07\/080703_Miller_004.jpg\" target=\"_blank\"><img decoding=\"async\" src=\"http:\/\/www.schoene-nachrichten.de\/wp-content\/uploads\/2008\/07\/080703_Miller_004.thumbnail.jpg\" alt=\"080703_Miller_004.jpg\" width=\"128\" \/><\/a> <a title=\"Foto: Max Colin Heydenreich\" rel=\"lightbox[roadtrip]\" href=\"http:\/\/www.schoene-nachrichten.de\/wp-content\/uploads\/2008\/07\/080703_Miller_015.jpg\" target=\"_blank\"><img decoding=\"async\" src=\"http:\/\/www.schoene-nachrichten.de\/wp-content\/uploads\/2008\/07\/080703_Miller_015.thumbnail.jpg\" alt=\"080703_Miller_015.jpg\" width=\"128\" \/><\/a> <a title=\"Foto: Max Colin Heydenreich\" rel=\"lightbox[roadtrip]\" href=\"http:\/\/www.schoene-nachrichten.de\/wp-content\/uploads\/2008\/07\/080703_Miller_013.jpg\" target=\"_blank\"><img decoding=\"async\" src=\"http:\/\/www.schoene-nachrichten.de\/wp-content\/uploads\/2008\/07\/080703_Miller_013.thumbnail.jpg\" alt=\"080703_Miller_013.jpg\" width=\"128\" \/><\/a><\/p>\n<p><!--more-->Den Festvortrag hielt der Kommandeur des Zentrums Innere F\u00fchrung in Koblenz, Brigadegeneral Alois Bach, zu aktuellen Aspekten der Inneren F\u00fchrung. Seit mehr als 50 Jahren sei die Konzepti-on der Inneren F\u00fchrung ein unverwechselbares Markenzeichen der Bundeswehr, sagte General Bach.  Innere F\u00fchrung in Verbindung mit dem \u201eStaatsb\u00fcrger in Uniform\u201c stehe nicht nur f\u00fcr eine bew\u00e4hrte F\u00fchrungsphilosophie sondern auch f\u00fcr eine erfolgreiche Unternehmenskultur, und sie stehe als Berufsleitbild f\u00fcr die erw\u00fcnschte Berufsidentit\u00e4t des Soldaten.<\/p>\n<p><a title=\"Foto: Max Colin Heydenreich\" rel=\"lightbox[roadtrip]\" href=\"http:\/\/www.schoene-nachrichten.de\/wp-content\/uploads\/2008\/07\/080703_Miller_001.jpg\" target=\"_blank\"><img decoding=\"async\" src=\"http:\/\/www.schoene-nachrichten.de\/wp-content\/uploads\/2008\/07\/080703_Miller_001.thumbnail.jpg\" alt=\"080703_Miller_001.jpg\" width=\"128\" \/><\/a> <a title=\"Foto: Max Colin Heydenreich\" rel=\"lightbox[roadtrip]\" href=\"http:\/\/www.schoene-nachrichten.de\/wp-content\/uploads\/2008\/07\/080703_Miller_002.jpg\" target=\"_blank\"><img decoding=\"async\" src=\"http:\/\/www.schoene-nachrichten.de\/wp-content\/uploads\/2008\/07\/080703_Miller_002.thumbnail.jpg\" alt=\"080703_Miller_002.jpg\" width=\"128\" \/><\/a> <a title=\"Foto: Max Colin Heydenreich\" rel=\"lightbox[roadtrip]\" href=\"http:\/\/www.schoene-nachrichten.de\/wp-content\/uploads\/2008\/07\/080703_Miller_003.jpg\" target=\"_blank\"><img decoding=\"async\" src=\"http:\/\/www.schoene-nachrichten.de\/wp-content\/uploads\/2008\/07\/080703_Miller_003.thumbnail.jpg\" alt=\"080703_Miller_003.jpg\" width=\"128\" \/><\/a><\/p>\n<p>Ziel der Inneren F\u00fchrung sei der motivierte, einsatzwillige und einsatzf\u00e4hige Soldat. Die Auslandseins\u00e4tze seien f\u00fcr die Sol-daten Teil ihres beruflichen Selbstverst\u00e4ndnisses geworden. Der Kommandeur wies als Kern der \u201eKonzeption Innere F\u00fchrung\u201c auf das Menschenbild des Grundgesetzes hin. Die \u201eF\u00fchrung mit Auftrag\u201c stelle hohe Anspr\u00fcche an die ethische, intellektuelle und professionelle Kompetenz der Soldatinnen und Soldaten, so der General.<\/p>\n<p><a title=\"Foto: Max Colin Heydenreich\" rel=\"lightbox[roadtrip]\" href=\"http:\/\/www.schoene-nachrichten.de\/wp-content\/uploads\/2008\/07\/080703_Miller_007.jpg\" target=\"_blank\"><img decoding=\"async\" src=\"http:\/\/www.schoene-nachrichten.de\/wp-content\/uploads\/2008\/07\/080703_Miller_007.thumbnail.jpg\" alt=\"080703_Miller_007.jpg\" width=\"128\" \/><\/a> <a title=\"Foto: Max Colin Heydenreich\" rel=\"lightbox[roadtrip]\" href=\"http:\/\/www.schoene-nachrichten.de\/wp-content\/uploads\/2008\/07\/080703_Miller_008.jpg\" target=\"_blank\"><img decoding=\"async\" src=\"http:\/\/www.schoene-nachrichten.de\/wp-content\/uploads\/2008\/07\/080703_Miller_008.thumbnail.jpg\" alt=\"080703_Miller_008.jpg\" width=\"128\" \/><\/a> <a title=\"Foto: Max Colin Heydenreich\" rel=\"lightbox[roadtrip]\" href=\"http:\/\/www.schoene-nachrichten.de\/wp-content\/uploads\/2008\/07\/080703_Miller_009.jpg\" target=\"_blank\"><img decoding=\"async\" src=\"http:\/\/www.schoene-nachrichten.de\/wp-content\/uploads\/2008\/07\/080703_Miller_009.thumbnail.jpg\" alt=\"080703_Miller_009.jpg\" width=\"128\" \/><\/a><\/p>\n<p>Erfolgreiche F\u00fchrung von Menschen bedinge vor allem Vorbild, Vertrauen und Verantwortung. Der Beruf des Soldaten sei eben kein Beruf wie jeder andere, bekr\u00e4ftigte Bach. Nur von Soldatinnen und Soldaten werde Tapferkeit unter Einsatz des Lebens gesetzlich gefordert. Die Pflicht des Soldaten zum Gehorsam fordere unabdingbar einen Gehorsam, der auch Gewissensentscheidungen zulasse. Die soldatischen Tugenden wie Mut, Tapferkeit, Zivilcourage und  Kameradschaft, seien erst durch die Bindung an Werte geadelt.<\/p>\n<p><a title=\"Foto: Max Colin Heydenreich\" rel=\"lightbox[roadtrip]\" href=\"http:\/\/www.schoene-nachrichten.de\/wp-content\/uploads\/2008\/07\/080703_Miller_005.jpg\" target=\"_blank\"><img decoding=\"async\" src=\"http:\/\/www.schoene-nachrichten.de\/wp-content\/uploads\/2008\/07\/080703_Miller_005.thumbnail.jpg\" alt=\"080703_Miller_005.jpg\" width=\"128\" \/><\/a> <a title=\"Foto: Max Colin Heydenreich\" rel=\"lightbox[roadtrip]\" href=\"http:\/\/www.schoene-nachrichten.de\/wp-content\/uploads\/2008\/07\/080703_Miller_014.jpg\" target=\"_blank\"><img decoding=\"async\" src=\"http:\/\/www.schoene-nachrichten.de\/wp-content\/uploads\/2008\/07\/080703_Miller_014.thumbnail.jpg\" alt=\"080703_Miller_014.jpg\" width=\"128\" \/><\/a> <a title=\"Foto: Max Colin Heydenreich\" rel=\"lightbox[roadtrip]\" href=\"http:\/\/www.schoene-nachrichten.de\/wp-content\/uploads\/2008\/07\/080703_Miller_012.jpg\" target=\"_blank\"><img decoding=\"async\" src=\"http:\/\/www.schoene-nachrichten.de\/wp-content\/uploads\/2008\/07\/080703_Miller_012.thumbnail.jpg\" alt=\"080703_Miller_012.jpg\" width=\"128\" \/><\/a><\/p>\n<p>In jeder milit\u00e4rischen Ausbildung werde nach dem Prinzip der Inneren F\u00fchrung auf Werterhaltungen Einfluss genommen. Das Herausbilden ethischer Urteilsf\u00e4higkeit m\u00fcsse integraler Bestandteil m\u00f6glichst vieler Ausbildungsgebiete werden, forderte General Bach. Die Milit\u00e4rseelsorge sei eine wichtige Unterst\u00fctzung des Dienstes an den Soldatinnen und Soldaten. Milit\u00e4rseelsorger leisteten mit dem Lebenskundlichen Unterricht einen unverzichtbaren Beitrag zur Entwicklung berufsethischer Kompetenz, lobte der Kommandeur.<\/p>\n<p><a title=\"Foto: Max Colin Heydenreich\" rel=\"lightbox[roadtrip]\" href=\"http:\/\/www.schoene-nachrichten.de\/wp-content\/uploads\/2008\/07\/080703_Miller_016.jpg\" target=\"_blank\"><img decoding=\"async\" src=\"http:\/\/www.schoene-nachrichten.de\/wp-content\/uploads\/2008\/07\/080703_Miller_016.thumbnail.jpg\" alt=\"080703_Miller_016.jpg\" width=\"128\" \/><\/a> <a title=\"Foto: Max Colin Heydenreich\" rel=\"lightbox[roadtrip]\" href=\"http:\/\/www.schoene-nachrichten.de\/wp-content\/uploads\/2008\/07\/080703_Miller_017.jpg\" target=\"_blank\"><img decoding=\"async\" src=\"http:\/\/www.schoene-nachrichten.de\/wp-content\/uploads\/2008\/07\/080703_Miller_017.thumbnail.jpg\" alt=\"080703_Miller_017.jpg\" width=\"128\" \/><\/a> <a title=\"Foto: Max Colin Heydenreich\" rel=\"lightbox[roadtrip]\" href=\"http:\/\/www.schoene-nachrichten.de\/wp-content\/uploads\/2008\/07\/080703_Miller_018.jpg\" target=\"_blank\"><img decoding=\"async\" src=\"http:\/\/www.schoene-nachrichten.de\/wp-content\/uploads\/2008\/07\/080703_Miller_018.thumbnail.jpg\" alt=\"080703_Miller_018.jpg\" width=\"128\" \/><\/a><\/p>\n<p>Bach forderte f\u00fcr die sich  im Einsatz befindenden Soldatinnen und Soldaten, die ihre Gesundheit oder sogar ihr Leben riskierten, mehr R\u00fcckhalt in der  Bev\u00f6lkerung und eine breitere, aktive und konstruktive Auseinandersetzung zu all diesen Themen. Im Festgottesdienst in der Kapelle des Bonifatiushauses bekr\u00e4ftigte Milit\u00e4rgeneralvikar Walter Wakenhut in seiner Predigt die Verpflichtung der katholischen Kirche, sich dem Dienst f\u00fcr die Solda-tinnen und Soldaten in besonderer Weise seelsorgerlich zuzuwenden.<\/p>\n<p><a title=\"Foto: Max Colin Heydenreich\" rel=\"lightbox[roadtrip]\" href=\"http:\/\/www.schoene-nachrichten.de\/wp-content\/uploads\/2008\/07\/080703_Miller_019.jpg\" target=\"_blank\"><img decoding=\"async\" src=\"http:\/\/www.schoene-nachrichten.de\/wp-content\/uploads\/2008\/07\/080703_Miller_019.thumbnail.jpg\" alt=\"080703_Miller_019.jpg\" width=\"128\" \/><\/a> <a title=\"Foto: Max Colin Heydenreich\" rel=\"lightbox[roadtrip]\" href=\"http:\/\/www.schoene-nachrichten.de\/wp-content\/uploads\/2008\/07\/080703_Miller_020.jpg\" target=\"_blank\"><img decoding=\"async\" src=\"http:\/\/www.schoene-nachrichten.de\/wp-content\/uploads\/2008\/07\/080703_Miller_020.thumbnail.jpg\" alt=\"080703_Miller_020.jpg\" width=\"128\" \/><\/a> <a title=\"Foto: Max Colin Heydenreich\" rel=\"lightbox[roadtrip]\" href=\"http:\/\/www.schoene-nachrichten.de\/wp-content\/uploads\/2008\/07\/080703_Miller_021.jpg\" target=\"_blank\"><img decoding=\"async\" src=\"http:\/\/www.schoene-nachrichten.de\/wp-content\/uploads\/2008\/07\/080703_Miller_021.thumbnail.jpg\" alt=\"080703_Miller_021.jpg\" width=\"128\" \/><\/a><\/p>\n<p>Es gehe um die M\u00e4nner und Frauen die ihren Dienst als Diener der Sicherheit und Freiheit der V\u00f6lker verrichteten und dies \u00fcberall in der weiten Welt dort, wo sie der demokratische Staat hinschicke. Vor 50 Jahren sei dies noch in einem sehr selbstverst\u00e4ndlichen, christlichem Milieu geschehen, sagte der Generalvikar. Der Soldat, den es damals gab, geh\u00f6rte einer der gro\u00dfen Kirchen an. Als Beispiel nannte er Oberst Korn als Mitbegr\u00fcnder des K\u00f6nigsteiner Offizierkreises und der daraus entstandenen Gemeinschaft Katholischer Soldaten.<\/p>\n<p><a title=\"Foto: Max Colin Heydenreich\" rel=\"lightbox[roadtrip]\" href=\"http:\/\/www.schoene-nachrichten.de\/wp-content\/uploads\/2008\/07\/080703_Miller_022.jpg\" target=\"_blank\"><img decoding=\"async\" src=\"http:\/\/www.schoene-nachrichten.de\/wp-content\/uploads\/2008\/07\/080703_Miller_022.thumbnail.jpg\" alt=\"080703_Miller_022.jpg\" width=\"128\" \/><\/a> <a title=\"Foto: Max Colin Heydenreich\" rel=\"lightbox[roadtrip]\" href=\"http:\/\/www.schoene-nachrichten.de\/wp-content\/uploads\/2008\/07\/080703_Miller_023.jpg\" target=\"_blank\"><img decoding=\"async\" src=\"http:\/\/www.schoene-nachrichten.de\/wp-content\/uploads\/2008\/07\/080703_Miller_023.thumbnail.jpg\" alt=\"080703_Miller_023.jpg\" width=\"128\" \/><\/a> <a title=\"Foto: Max Colin Heydenreich\" rel=\"lightbox[roadtrip]\" href=\"http:\/\/www.schoene-nachrichten.de\/wp-content\/uploads\/2008\/07\/080703_Miller_024.jpg\" target=\"_blank\"><img decoding=\"async\" src=\"http:\/\/www.schoene-nachrichten.de\/wp-content\/uploads\/2008\/07\/080703_Miller_024.thumbnail.jpg\" alt=\"080703_Miller_024.jpg\" width=\"128\" \/><\/a><\/p>\n<p>Oberst Korn habe katholische Soldaten um sich versammelt zum Zeugnis f\u00fcr die Anderen und st\u00e4rke damit ganz im Sinne der Inneren F\u00fchrung das ethische Fundament des Soldatenberufes. Oberst Korn und seine Gef\u00e4hrten  h\u00e4tten ihr Christsein nicht unter den Scheffel gestellt, sondern auf den Leuchter. Ihr Handeln sei von der \u00dcberzeugung bestimmt gewesen, Werte zu vermitteln, die sie selbst lebten. Im Anschluss an den Gottesdienst w\u00fcrdigte Brigadegeneral a. D. Friedhelm Koch  das Lebenswerk von Oberst Dr. Helmut Korn und hob seine Verdienste um die Kirche unter den Soldaten hervor. (Marlene Beyel)<\/p>\n<p><a title=\"Foto: Max Colin Heydenreich\" rel=\"lightbox[roadtrip]\" href=\"http:\/\/www.schoene-nachrichten.de\/wp-content\/uploads\/2008\/07\/080703_Miller_025.jpg\" target=\"_blank\"><img decoding=\"async\" src=\"http:\/\/www.schoene-nachrichten.de\/wp-content\/uploads\/2008\/07\/080703_Miller_025.thumbnail.jpg\" alt=\"080703_Miller_025.jpg\" width=\"128\" \/><\/a> <a title=\"Foto: Max Colin Heydenreich\" rel=\"lightbox[roadtrip]\" href=\"http:\/\/www.schoene-nachrichten.de\/wp-content\/uploads\/2008\/07\/080703_Miller_026.jpg\" target=\"_blank\"><img decoding=\"async\" src=\"http:\/\/www.schoene-nachrichten.de\/wp-content\/uploads\/2008\/07\/080703_Miller_026.thumbnail.jpg\" alt=\"080703_Miller_026.jpg\" width=\"128\" \/><\/a> <a title=\"Foto: Max Colin Heydenreich\" rel=\"lightbox[roadtrip]\" href=\"http:\/\/www.schoene-nachrichten.de\/wp-content\/uploads\/2008\/07\/080703_Miller_027.jpg\" target=\"_blank\"><img decoding=\"async\" src=\"http:\/\/www.schoene-nachrichten.de\/wp-content\/uploads\/2008\/07\/080703_Miller_027.thumbnail.jpg\" alt=\"080703_Miller_027.jpg\" width=\"128\" \/><\/a><\/p>\n","protected":false},"excerpt":{"rendered":"<div class=\"tmnf_excerpt\"><p>Fulda. Zum 25. Jahrged\u00e4chtnis von Oberst Dr. Helmut Korn, Mitbegr\u00fcnder der Gemeinschaft Katholischer Soldaten, vormals des K\u00f6nigsteiners Offizierskreises, fand am 19\/20. Juni 2008 im Bonifatiushaus Fulda eine Festakademie statt. Anwesend waren unter vielen Mitgliedern der GKS die Ehefrau und der Sohn von Oberst Korn. Fotos (27): Elisabeth Miller<\/p>\n<\/div>","protected":false},"author":1,"featured_media":0,"comment_status":"closed","ping_status":"closed","sticky":false,"template":"","format":"standard","meta":{"footnotes":""},"categories":[1,50],"tags":[],"class_list":["post-10121","post","type-post","status-publish","format-standard","hentry","category-startseite","category-kirche"],"_links":{"self":[{"href":"https:\/\/www.fuldaernachrichten.de\/index.php?rest_route=\/wp\/v2\/posts\/10121","targetHints":{"allow":["GET"]}}],"collection":[{"href":"https:\/\/www.fuldaernachrichten.de\/index.php?rest_route=\/wp\/v2\/posts"}],"about":[{"href":"https:\/\/www.fuldaernachrichten.de\/index.php?rest_route=\/wp\/v2\/types\/post"}],"author":[{"embeddable":true,"href":"https:\/\/www.fuldaernachrichten.de\/index.php?rest_route=\/wp\/v2\/users\/1"}],"replies":[{"embeddable":true,"href":"https:\/\/www.fuldaernachrichten.de\/index.php?rest_route=%2Fwp%2Fv2%2Fcomments&post=10121"}],"version-history":[{"count":0,"href":"https:\/\/www.fuldaernachrichten.de\/index.php?rest_route=\/wp\/v2\/posts\/10121\/revisions"}],"wp:attachment":[{"href":"https:\/\/www.fuldaernachrichten.de\/index.php?rest_route=%2Fwp%2Fv2%2Fmedia&parent=10121"}],"wp:term":[{"taxonomy":"category","embeddable":true,"href":"https:\/\/www.fuldaernachrichten.de\/index.php?rest_route=%2Fwp%2Fv2%2Fcategories&post=10121"},{"taxonomy":"post_tag","embeddable":true,"href":"https:\/\/www.fuldaernachrichten.de\/index.php?rest_route=%2Fwp%2Fv2%2Ftags&post=10121"}],"curies":[{"name":"wp","href":"https:\/\/api.w.org\/{rel}","templated":true}]}}