{"id":101207,"date":"2012-08-23T00:12:33","date_gmt":"2012-08-23T00:12:33","guid":{"rendered":"http:\/\/www.fuldaer-nachrichten.de\/?p=101207"},"modified":"2012-08-23T08:02:42","modified_gmt":"2012-08-23T08:02:42","slug":"ausbildungsstart-bei-iwetec-7-neue-azubis-und-ein-ba-student-gehoren-jetzt-zur-iwetec-familie","status":"publish","type":"post","link":"https:\/\/www.fuldaernachrichten.de\/?p=101207","title":{"rendered":"Ausbildungsstart bei IWETEC &#8211; 7 neue Azubis und ein BA-Student geh\u00f6ren jetzt zur IWETEC-Familie"},"content":{"rendered":"<p><a href=\"http:\/\/www.fuldaer-nachrichten.de\/wp-content\/uploads\/2012\/08\/image001.jpg\"><img decoding=\"async\" class=\"alignleft size-thumbnail wp-image-101208\" title=\"image001\" src=\"http:\/\/www.fuldaer-nachrichten.de\/wp-content\/uploads\/2012\/08\/image001-265x177.jpg\" alt=\"\" width=\"265\" height=\"177\" srcset=\"https:\/\/www.fuldaernachrichten.de\/wp-content\/uploads\/2012\/08\/image001-265x177.jpg 265w, https:\/\/www.fuldaernachrichten.de\/wp-content\/uploads\/2012\/08\/image001.jpg 600w\" sizes=\"(max-width: 265px) 100vw, 265px\" \/><\/a>Fulda. Am 01.08.2012 konnte die IWETEC GmbH sieben neue Auszubildende und einen BA-Studenten begr\u00fc\u00dfen und in der IWETEC-Familie willkommen hei\u00dfen. Nach einem Kennenlernprogramm durften die \u201eNeuen\u201c direkt durchstarten und sich gemeinsam an erste Aufgaben wagen. Als Direktvertreiber f\u00fcr Industrie- und Werkstatttechnik ist die IWETEC GmbH auf der Suche nach jungen Menschen die sich engagieren m\u00f6chten. Wir bieten eine solide Ausbildung und gute \u00dcbernahmechancen, nicht zuletzt wurden wir in 2010 von der IHK Fulda als TOP 10 -Ausbildungsbetrieb ausgezeichnet.<!--more--><br \/>\nWer Lust hat in einem dynamischen Team mit anzupacken, der kann sich f\u00fcr den Ausbildungsstart 2013 f\u00fcr die Berufe Kaufmann\/-frau im Gro\u00df- und Au\u00dfenhandel,\u00c2\u00a0 Kaufmann\/-frau im Dialogmarketing sowie als Fachinformatiker Systemintegration bewerben. Au\u00dferdem es die M\u00f6glichkeit als Praktikant\/in der Fachrichtung Wirtschaft und Verwaltung ein Jahr in die IWETEC-Arbeitswelt hineinzuschnuppern. N\u00e4here Informationen zur Bewerbung gibt es auf der Homepage unter <a href=\"http:\/\/www.iwetec.de\" target=\"_blank\">www.iwetec.de<\/a>.<\/p>\n<p>Foto von links nach rechts: Abteilungsleiterin HR Silvia Feuerstein, Nadine Knobloch, Stefan Franke, Hannah Decker, Teresa-Janina Bambei, Leonie Bartlau, Nico Reinhardt, Dominique Genc sowie Gesch\u00e4ftsf\u00fchrer Stephan G\u00fcnther<\/p>\n","protected":false},"excerpt":{"rendered":"<div class=\"tmnf_excerpt\"><p>Fulda. Am 01.08.2012 konnte die IWETEC GmbH sieben neue Auszubildende und einen BA-Studenten begr\u00fc\u00dfen und in der IWETEC-Familie willkommen hei\u00dfen. Nach einem Kennenlernprogramm durften die \u201eNeuen\u201c direkt durchstarten und sich gemeinsam an erste Aufgaben wagen. Als Direktvertreiber f\u00fcr Industrie- und Werkstatttechnik ist die IWETEC GmbH auf der Suche nach jungen Menschen die sich engagieren m\u00f6chten. &hellip;<\/p>\n<\/div>","protected":false},"author":1,"featured_media":0,"comment_status":"closed","ping_status":"closed","sticky":false,"template":"","format":"standard","meta":{"footnotes":""},"categories":[1,53],"tags":[],"class_list":["post-101207","post","type-post","status-publish","format-standard","hentry","category-startseite","category-bildung"],"_links":{"self":[{"href":"https:\/\/www.fuldaernachrichten.de\/index.php?rest_route=\/wp\/v2\/posts\/101207","targetHints":{"allow":["GET"]}}],"collection":[{"href":"https:\/\/www.fuldaernachrichten.de\/index.php?rest_route=\/wp\/v2\/posts"}],"about":[{"href":"https:\/\/www.fuldaernachrichten.de\/index.php?rest_route=\/wp\/v2\/types\/post"}],"author":[{"embeddable":true,"href":"https:\/\/www.fuldaernachrichten.de\/index.php?rest_route=\/wp\/v2\/users\/1"}],"replies":[{"embeddable":true,"href":"https:\/\/www.fuldaernachrichten.de\/index.php?rest_route=%2Fwp%2Fv2%2Fcomments&post=101207"}],"version-history":[{"count":0,"href":"https:\/\/www.fuldaernachrichten.de\/index.php?rest_route=\/wp\/v2\/posts\/101207\/revisions"}],"wp:attachment":[{"href":"https:\/\/www.fuldaernachrichten.de\/index.php?rest_route=%2Fwp%2Fv2%2Fmedia&parent=101207"}],"wp:term":[{"taxonomy":"category","embeddable":true,"href":"https:\/\/www.fuldaernachrichten.de\/index.php?rest_route=%2Fwp%2Fv2%2Fcategories&post=101207"},{"taxonomy":"post_tag","embeddable":true,"href":"https:\/\/www.fuldaernachrichten.de\/index.php?rest_route=%2Fwp%2Fv2%2Ftags&post=101207"}],"curies":[{"name":"wp","href":"https:\/\/api.w.org\/{rel}","templated":true}]}}