{"id":101204,"date":"2012-08-23T00:14:19","date_gmt":"2012-08-23T00:14:19","guid":{"rendered":"http:\/\/www.fuldaer-nachrichten.de\/?p=101204"},"modified":"2012-08-23T07:58:37","modified_gmt":"2012-08-23T07:58:37","slug":"verein-eine-schule-fur-alle-in-fulda-e-v-hat-noch-viel-zu-tun-inklusion-an-schulen-geht-schleppend-voran","status":"publish","type":"post","link":"https:\/\/www.fuldaernachrichten.de\/?p=101204","title":{"rendered":"Verein \u201eEine Schule f\u00fcr Alle! in Fulda e.V.\u201c hat noch viel zu tun &#8211; Inklusion an Schulen geht schleppend voran"},"content":{"rendered":"<p>Fulda. \u201eEs gibt noch viel zu tun!\u201c Zu dieser Erkenntnis kamen die Mitglieder des Vereins \u201eEine Schule f\u00fcr Alle! in Fulda e.V.\u201c auf der zweiten Mitgliederversammlung am 17.08.2012. Die Umsetzung der UN-Behindertenrechtskonvention im Bereich \u201eschulische Bildung\u201c geht im Landkreis Fulda nur sehr schleppend voran. Die Vereinsmitglieder bedauern und kritisieren, dass es nach wie vor keinen Aktionsplan zur Schaffung eines inklusiven Schulsystems im Landkreis gibt, wie es von der UN-Behindertenrechtskonvention gefordert wird. Es hat den Anschein, dass lediglich der Begriff \u201eIntegration\u201c durch \u201eInklusion\u201c ersetzt wird, ohne aber die entsprechenden notwendigen strukturellen Ver\u00e4nderungen vorzunehmen.<!--more--><\/p>\n<p>Im Berichtsjahr fand die Arbeit des Vereins zu gro\u00dfen Teilen in zwei Arbeitskreisen statt. Im Arbeitskreis &#8216;\u00d6ffentlichkeitsarbeit&#8217; wurde ein Konzept f\u00fcr einen Schulwettbewerb zum Thema \u201eVielfalt\u201c entwickelt, mit dem der Verein Kinder zu Wort kommen lassen m\u00f6chte. Der Arbeitskreis &#8216;Schulen&#8217; hat ein Fortbildungskonzept f\u00fcr Lehrkr\u00e4fte und p\u00e4dagogische Fachkr\u00e4fte erarbeitet und bereits Fortbildungen durchgef\u00fchrt.<\/p>\n<p>Auf politischer Ebene hat der Verein durch Gespr\u00e4che mit Vertretern von Politik und Schul\u00e4mtern auf Ver\u00e4nderungen hingewirkt sowie an verschiedenen Tagungen teilgenommen, u. a. an der Zukunftswerkstatt\u00c2\u00a0 \u201ePerspektive der Schulen mit dem F\u00f6rderschwerpunkt geistige Entwicklung\u201c, die von Stadt und Landkreis Fulda veranstaltet wurde. Auf Anfrage war der Verein auch beratend t\u00e4tig.<\/p>\n<p>Im Rahmen der Mitgliederversammlung wurde turnusgem\u00e4\u00df ein neuer Vorstand gew\u00e4hlt. Der 1. Vorsitzende Christian Brandt verabschiedete die bisherigen Vorstandsmitglieder Anja Zilian, Kristin Schmitt und Michael M\u00f6ller und w\u00fcrdigte ihre engagierte Arbeit. Sie haben dazu beigetragen, den Verein im Landkreis bekannt zu machen und die Vereinsarbeit inhaltlich weiterzuentwickeln. Als zweite Vorsitzende wurde Ines Homburg gew\u00e4hlt, die jetzt gemeinsam mit Christian Brandt den zweik\u00f6pfigen Vorstand bildet.<\/p>\n<p>Der Verein wird weiterhin \u00fcber die Chancen eines inklusiven Schulsystems f\u00fcr alle Kinder informieren und die notwendigen politischen Schritte einfordern. Dieses System ist nur zu erreichen, wenn sich das Verst\u00e4ndnis von Schule und Lernen grunds\u00e4tzlich ver\u00e4ndert, damit jeder Sch\u00fcler die M\u00f6glichkeit hat, \u00fcberwiegend nach seinen Bed\u00fcrfnissen zu lernen. Dass dies machbar ist und erfolgreich umgesetzt werden kann, beweisen inzwischen zahlreiche Schulen in Deutschland. Der Verein wird voraussichtlich im Herbst eine Veranstaltungsreihe starten, in der einige dieser Schulen vorgestellt werden. LehrerInnen und SchulleiterInnen werden \u00fcber ihre Erfahrungen berichten und Workshops f\u00fcr interessierte Lehrkr\u00e4fte aus dem Landkreis gestalten.<\/p>\n<p>&nbsp;<\/p>\n<p>Besuchen Sie die Internetseite <a href=\"http:\/\/www.esfa-fulda.de\/\">www.esfa-fulda.de<\/a> und nehmen Sie Kontakt mit uns auf!<\/p>\n","protected":false},"excerpt":{"rendered":"<div class=\"tmnf_excerpt\"><p>Fulda. \u201eEs gibt noch viel zu tun!\u201c Zu dieser Erkenntnis kamen die Mitglieder des Vereins \u201eEine Schule f\u00fcr Alle! in Fulda e.V.\u201c auf der zweiten Mitgliederversammlung am 17.08.2012. Die Umsetzung der UN-Behindertenrechtskonvention im Bereich \u201eschulische Bildung\u201c geht im Landkreis Fulda nur sehr schleppend voran. Die Vereinsmitglieder bedauern und kritisieren, dass es nach wie vor keinen &hellip;<\/p>\n<\/div>","protected":false},"author":1,"featured_media":0,"comment_status":"closed","ping_status":"closed","sticky":false,"template":"","format":"standard","meta":{"footnotes":""},"categories":[1,53],"tags":[],"class_list":["post-101204","post","type-post","status-publish","format-standard","hentry","category-startseite","category-bildung"],"_links":{"self":[{"href":"https:\/\/www.fuldaernachrichten.de\/index.php?rest_route=\/wp\/v2\/posts\/101204","targetHints":{"allow":["GET"]}}],"collection":[{"href":"https:\/\/www.fuldaernachrichten.de\/index.php?rest_route=\/wp\/v2\/posts"}],"about":[{"href":"https:\/\/www.fuldaernachrichten.de\/index.php?rest_route=\/wp\/v2\/types\/post"}],"author":[{"embeddable":true,"href":"https:\/\/www.fuldaernachrichten.de\/index.php?rest_route=\/wp\/v2\/users\/1"}],"replies":[{"embeddable":true,"href":"https:\/\/www.fuldaernachrichten.de\/index.php?rest_route=%2Fwp%2Fv2%2Fcomments&post=101204"}],"version-history":[{"count":1,"href":"https:\/\/www.fuldaernachrichten.de\/index.php?rest_route=\/wp\/v2\/posts\/101204\/revisions"}],"predecessor-version":[{"id":101205,"href":"https:\/\/www.fuldaernachrichten.de\/index.php?rest_route=\/wp\/v2\/posts\/101204\/revisions\/101205"}],"wp:attachment":[{"href":"https:\/\/www.fuldaernachrichten.de\/index.php?rest_route=%2Fwp%2Fv2%2Fmedia&parent=101204"}],"wp:term":[{"taxonomy":"category","embeddable":true,"href":"https:\/\/www.fuldaernachrichten.de\/index.php?rest_route=%2Fwp%2Fv2%2Fcategories&post=101204"},{"taxonomy":"post_tag","embeddable":true,"href":"https:\/\/www.fuldaernachrichten.de\/index.php?rest_route=%2Fwp%2Fv2%2Ftags&post=101204"}],"curies":[{"name":"wp","href":"https:\/\/api.w.org\/{rel}","templated":true}]}}