{"id":101200,"date":"2012-08-23T00:10:00","date_gmt":"2012-08-23T00:10:00","guid":{"rendered":"http:\/\/www.fuldaer-nachrichten.de\/?p=101200"},"modified":"2012-08-22T17:34:54","modified_gmt":"2012-08-22T17:34:54","slug":"fdp-sommertour-dr-frank-blechschmidt-rhon-bietet-besondere-vielfalt-im-tou-rismus","status":"publish","type":"post","link":"https:\/\/www.fuldaernachrichten.de\/?p=101200","title":{"rendered":"FDP Sommertour: Dr. Frank Blechschmidt &#8220;Rh\u00f6n bietet besondere Vielfalt im Tourismus&#8221;"},"content":{"rendered":"<p><a href=\"http:\/\/www.fuldaer-nachrichten.de\/wp-content\/uploads\/2012\/08\/2012-08-18-15.54.47.jpeg\"><img fetchpriority=\"high\" decoding=\"async\" class=\"alignleft size-thumbnail wp-image-101201\" title=\"2012-08-18 15.54.47\" src=\"http:\/\/www.fuldaer-nachrichten.de\/wp-content\/uploads\/2012\/08\/2012-08-18-15.54.47-265x198.jpg\" alt=\"\" width=\"265\" height=\"198\" srcset=\"https:\/\/www.fuldaernachrichten.de\/wp-content\/uploads\/2012\/08\/2012-08-18-15.54.47-265x198.jpg 265w, https:\/\/www.fuldaernachrichten.de\/wp-content\/uploads\/2012\/08\/2012-08-18-15.54.47.jpeg 600w\" sizes=\"(max-width: 265px) 100vw, 265px\" \/><\/a>Wiesbaden\/Fulda. Auf ihrer Sommertour machte die FDP-Landtagsfraktion Station auf der Wasserkuppe und in der Erlebnissch\u00e4ferei von Dietmar Weckbach in W\u00fcstensachsen. \u201eNat\u00fcrlich durfte Hessens h\u00f6chster Berg auf unserer Tour nicht fehlen, weil er ein Wahrzeichen f\u00fcr ganz Hessen ist\u201c, so Dr. Frank Blechschmidt (MdL), parlamentarischer Gesch\u00e4ftsf\u00fchrer der FDP Fraktion im Hessischen Landtag. Die Abgeordneten informierten sich \u00fcber den Tourismus in der Rh\u00f6n und insbesondere \u00fcber die Hightlights auf und rund um die Wasserkuppe. \u201eMit den Themen Fliegen, Wintersport, Wandern und Naturerleben hat die Rh\u00f6n viel aufzubieten\u201c, so Blechschmidt.<!--more--><\/p>\n<p>Gersfelds B\u00fcrgermeister Peter Wolff (FDP) freut sich \u00fcber den Besuch aus dem Landtag und hofft auf weitere Unterst\u00fctzung bei der Fortentwicklung der Wasserkuppe. \u201eWir haben noch viel vor und brauchen die Unterst\u00fctzung des Landes, etwa wenn es um die Stra\u00dfenf\u00fchrung und Parkpl\u00e4tze geht\u201c, so Wolff.<\/p>\n<p><a href=\"http:\/\/www.fuldaer-nachrichten.de\/wp-content\/uploads\/2012\/08\/2012-08-18-18.08.52.jpeg\"><img decoding=\"async\" class=\"alignleft size-thumbnail wp-image-101202\" title=\"2012-08-18 18.08.52\" src=\"http:\/\/www.fuldaer-nachrichten.de\/wp-content\/uploads\/2012\/08\/2012-08-18-18.08.52-265x198.jpg\" alt=\"\" width=\"265\" height=\"198\" srcset=\"https:\/\/www.fuldaernachrichten.de\/wp-content\/uploads\/2012\/08\/2012-08-18-18.08.52-265x198.jpg 265w, https:\/\/www.fuldaernachrichten.de\/wp-content\/uploads\/2012\/08\/2012-08-18-18.08.52.jpeg 600w\" sizes=\"(max-width: 265px) 100vw, 265px\" \/><\/a>Der zweite Halt war ein ganz besonderes Erlebnis, der Besuch der Erlebnissch\u00e4ferei von Dietmar Weckbach in W\u00fcstensachsen. Hier, wo auch das ber\u00fchmte Rh\u00f6nschaf \u201eRh\u00f6nhilde\u201c ihren Stall hat, ging es um Produkte und Spezialit\u00e4ten aus der Rh\u00f6n und deren Vermarktungschancen. Gemeinsam wurden K\u00f6stlichkeiten probiert und die Rh\u00f6ner Gastfreundschaft genossen. \u201eIch kann mir niemanden vorstellen, der besser so unterhaltsam, schlitzohrig und mit viel Herzlichkeit f\u00fcr die Rh\u00f6n und Rh\u00f6ner Produkte werben kann, als Sch\u00e4fer Weckbach. Deshalb ist der Besuch seiner Erlebnissch\u00e4ferei f\u00fcr mich ein Muss. Gerade f\u00fcr regional hochwertig erzeugte Produkte steigt das Interesse der Verbraucher und dieses Potential sollte die Region auch nutzen\u201c, so Heinrich Heidel, landwirtschaftspolitischer Sprecher der FDP Fraktion.<\/p>\n","protected":false},"excerpt":{"rendered":"<div class=\"tmnf_excerpt\"><p>Wiesbaden\/Fulda. Auf ihrer Sommertour machte die FDP-Landtagsfraktion Station auf der Wasserkuppe und in der Erlebnissch\u00e4ferei von Dietmar Weckbach in W\u00fcstensachsen. \u201eNat\u00fcrlich durfte Hessens h\u00f6chster Berg auf unserer Tour nicht fehlen, weil er ein Wahrzeichen f\u00fcr ganz Hessen ist\u201c, so Dr. Frank Blechschmidt (MdL), parlamentarischer Gesch\u00e4ftsf\u00fchrer der FDP Fraktion im Hessischen Landtag. Die Abgeordneten informierten sich &hellip;<\/p>\n<\/div>","protected":false},"author":1,"featured_media":0,"comment_status":"closed","ping_status":"closed","sticky":false,"template":"","format":"standard","meta":{"footnotes":""},"categories":[1,29],"tags":[],"class_list":["post-101200","post","type-post","status-publish","format-standard","hentry","category-startseite","category-politik"],"_links":{"self":[{"href":"https:\/\/www.fuldaernachrichten.de\/index.php?rest_route=\/wp\/v2\/posts\/101200","targetHints":{"allow":["GET"]}}],"collection":[{"href":"https:\/\/www.fuldaernachrichten.de\/index.php?rest_route=\/wp\/v2\/posts"}],"about":[{"href":"https:\/\/www.fuldaernachrichten.de\/index.php?rest_route=\/wp\/v2\/types\/post"}],"author":[{"embeddable":true,"href":"https:\/\/www.fuldaernachrichten.de\/index.php?rest_route=\/wp\/v2\/users\/1"}],"replies":[{"embeddable":true,"href":"https:\/\/www.fuldaernachrichten.de\/index.php?rest_route=%2Fwp%2Fv2%2Fcomments&post=101200"}],"version-history":[{"count":0,"href":"https:\/\/www.fuldaernachrichten.de\/index.php?rest_route=\/wp\/v2\/posts\/101200\/revisions"}],"wp:attachment":[{"href":"https:\/\/www.fuldaernachrichten.de\/index.php?rest_route=%2Fwp%2Fv2%2Fmedia&parent=101200"}],"wp:term":[{"taxonomy":"category","embeddable":true,"href":"https:\/\/www.fuldaernachrichten.de\/index.php?rest_route=%2Fwp%2Fv2%2Fcategories&post=101200"},{"taxonomy":"post_tag","embeddable":true,"href":"https:\/\/www.fuldaernachrichten.de\/index.php?rest_route=%2Fwp%2Fv2%2Ftags&post=101200"}],"curies":[{"name":"wp","href":"https:\/\/api.w.org\/{rel}","templated":true}]}}