{"id":101196,"date":"2012-08-23T00:14:07","date_gmt":"2012-08-23T00:14:07","guid":{"rendered":"http:\/\/www.fuldaer-nachrichten.de\/?p=101196"},"modified":"2012-08-22T17:27:02","modified_gmt":"2012-08-22T17:27:02","slug":"energie-und-rohstoffe-fur-morgen-infoveranstaltung-im-uwag-informationszentrum","status":"publish","type":"post","link":"https:\/\/www.fuldaernachrichten.de\/?p=101196","title":{"rendered":"Energie und Rohstoffe f\u00fcr morgen &#8211; Infoveranstaltung im \u00dcWAG-Informationszentrum"},"content":{"rendered":"<p><a href=\"http:\/\/www.fuldaer-nachrichten.de\/wp-content\/uploads\/2012\/08\/26-2012-Energie-und-Rohstoffe.jpg\"><img decoding=\"async\" class=\"alignleft size-thumbnail wp-image-101197\" title=\"26-2012 Energie und Rohstoffe\" src=\"http:\/\/www.fuldaer-nachrichten.de\/wp-content\/uploads\/2012\/08\/26-2012-Energie-und-Rohstoffe-265x136.jpg\" alt=\"\" width=\"265\" height=\"136\" srcset=\"https:\/\/www.fuldaernachrichten.de\/wp-content\/uploads\/2012\/08\/26-2012-Energie-und-Rohstoffe-265x136.jpg 265w, https:\/\/www.fuldaernachrichten.de\/wp-content\/uploads\/2012\/08\/26-2012-Energie-und-Rohstoffe.jpg 600w\" sizes=\"(max-width: 265px) 100vw, 265px\" \/><\/a>Fulda. Wie Unternehmen durch effiziente Energienutzung Energie und damit Kosten sparen k\u00f6nnen war Thema einer Informationsveranstaltung, zu der die IHK Fulda gemeinsam mit der \u00dcWAG eingeladen hatte. Die Veranstaltung im Informationszentrum des heimischen Energieversorgers in der Frankfurter Stra\u00dfe war ein Mosaikstein im Rahmen des DIHK-Jahresthemas &#8220;Energie und Rohstoffe f\u00fcr morgen&#8221;. IHK Pr\u00e4sident Bernhard Juchheim und Ralf-Stefan St\u00f6ppler, Bereichsleiter f\u00fcr Beteiligungen und Konzessionsmanagement bei der \u00dcWAG, begr\u00fc\u00dften die Vertreter aus den Unternehmen.<!--more--><\/p>\n<p>\u201eDer Wirtschaftsstandort Deutschland kann nur dann weiterhin seine f\u00fchrende Rolle in der Welt einnehmen, wenn die Wirtschaft auch Vertrauen in diesen Standort hat. Bei aller Fachkr\u00e4ftediskussion darf nicht vergessen werden, dass die Sicherheit der Energieversorgung dabei einen Schl\u00fcsselfaktor darstellt\u201c, stimmte Bernhard Juchheim auf das Thema ein. Die Politik m\u00fcsse transparent darlegen, welche Investitionen und gravierenden strukturellen Ver\u00e4nderungen auf die deutsche Wirtschaft und auf die Bev\u00f6lkerung zuk\u00e4men, forderte der IHK-Pr\u00e4sident und machte gleichzeitig Mut f\u00fcr die Zukunft: \u201eIm Bereich Geothermie sind wir f\u00fchrend. Photovoltaik und Bioenergie sind ebenfalls gut ausgebaut.\u201c In der Windenergie habe sich gerade in den vergangenen Monaten viel getan, und auch bei der Biogas-Herstellung w\u00fcrden neue Wege eingeleitet.<\/p>\n<p>Die \u00dcWAG hatte ein Programm zusammengestellt, das konkrete L\u00f6sungen aufzeigte und zahlreiche Anst\u00f6\u00dfe in Sachen Energiemanagement gab. So warb Ludwig Montag, Gesch\u00e4ftsf\u00fchrer der SynEnergie GmbH, f\u00fcr Contracting-Modelle als Energiel\u00f6sungen f\u00fcr Einsteiger. Ma\u00dfgeschneiderte Vertr\u00e4ge, die flexibel auf die individuellen Anforderungen des einzelnen Unternehmens zugeschnitten werden, senken die Kosten\u201c, versprach der Diplom-Ingenieur.<\/p>\n<p>Matthias Schneider, Produktmanager bei der Terra Therm Erdw\u00e4rme GmbH, informierte \u00fcber die Geothermie als witterungsunabh\u00e4ngige Energiequelle, die sich in erster Linie f\u00fcr eine umweltfreundliche Beheizung und Klimatisierung von Geb\u00e4uden anbietet. \u201eDie Risiken, um unseren Energiebedarf zu decken, werden immer gr\u00f6\u00dfer\u201c, stellte Hartmut Klein mit Blick auf die aktuellen Umweltkatastrophen im Zusammenhang mit der Energieerzeugung aus fossilen Energietr\u00e4gern fest. Der Gesch\u00e4ftsf\u00fchrer der Econius GmbH, Ingenieurb\u00fcro f\u00fcr rationellen Energieeinsatz, empfahl vor diesem Hintergrund, bereits im Vorfeld genau zu \u00fcberlegen, wozu Energie \u00fcberhaupt ben\u00f6tigt wird.<\/p>\n<p>Ein Pl\u00e4doyer f\u00fcr die Kombination von \u00d6kologie und Wirtschaftlichkeit hielt Dr. J\u00fcrgen Wiese: \u201eDie Unternehmen achten heute verst\u00e4rkt auf die \u00f6kologische Herkunft von Produkten\u201c, so der Gesch\u00e4ftsf\u00fchrer der GKU Gesellschaft f\u00fcr kommunale Umwelttechnik mbH. \u201eWas man nicht messen kann, kann man nicht kontrollieren\u201c, unterstrich Stefan Froeb. Der Abteilungsleiter Vertrieb bei der \u00dcWAG pr\u00e4sentierte technische L\u00f6sungen, mit denen im ersten Schritt Einsparpotenzial erkannt und im zweiten Schritt Verhaltens\u00e4nderungen unterst\u00fctzt werden k\u00f6nnen.<\/p>\n<p>\u201eDie Energiewende ist ein Kostentreiber und das speziell f\u00fcr die kleinen und mittleren Unternehmen. Sie bietet aber auch enorme Chancen, neue Wirtschaftsfelder zu erschlie\u00dfen, von denen vor allem auch die heimische Wirtschaft profitieren kann\u201c, ist Stefan Schunck sicher. Stichworte sind beispielsweise Smart Grids, Smart Meetering und die Entwicklung neuer Speichertechnologien. \u201eEnergiekosten lassen sich dort optimieren, wo Energie eingespart wird\u201c, so der IHK-Hauptgesch\u00e4ftsf\u00fchrer. Und hier gibt es auch bei den heimischen Unternehmen noch viel Potenzial.\u201c<\/p>\n<p>BU: Die Referenten: (v. li.) Ralf-Stefan St\u00f6ppler, Ludwig Montag, Dr. J\u00fcrgen Wiese, Matthias Schneider, Stefan Froeb, Dr. Hartmut Klein, Stefan Schunck und Bernhard Juchheim<\/p>\n<p>&nbsp;<\/p>\n","protected":false},"excerpt":{"rendered":"<div class=\"tmnf_excerpt\"><p>Fulda. Wie Unternehmen durch effiziente Energienutzung Energie und damit Kosten sparen k\u00f6nnen war Thema einer Informationsveranstaltung, zu der die IHK Fulda gemeinsam mit der \u00dcWAG eingeladen hatte. Die Veranstaltung im Informationszentrum des heimischen Energieversorgers in der Frankfurter Stra\u00dfe war ein Mosaikstein im Rahmen des DIHK-Jahresthemas &#8220;Energie und Rohstoffe f\u00fcr morgen&#8221;. IHK Pr\u00e4sident Bernhard Juchheim und &hellip;<\/p>\n<\/div>","protected":false},"author":1,"featured_media":0,"comment_status":"closed","ping_status":"closed","sticky":false,"template":"","format":"standard","meta":{"footnotes":""},"categories":[1,29],"tags":[],"class_list":["post-101196","post","type-post","status-publish","format-standard","hentry","category-startseite","category-politik"],"_links":{"self":[{"href":"https:\/\/www.fuldaernachrichten.de\/index.php?rest_route=\/wp\/v2\/posts\/101196","targetHints":{"allow":["GET"]}}],"collection":[{"href":"https:\/\/www.fuldaernachrichten.de\/index.php?rest_route=\/wp\/v2\/posts"}],"about":[{"href":"https:\/\/www.fuldaernachrichten.de\/index.php?rest_route=\/wp\/v2\/types\/post"}],"author":[{"embeddable":true,"href":"https:\/\/www.fuldaernachrichten.de\/index.php?rest_route=\/wp\/v2\/users\/1"}],"replies":[{"embeddable":true,"href":"https:\/\/www.fuldaernachrichten.de\/index.php?rest_route=%2Fwp%2Fv2%2Fcomments&post=101196"}],"version-history":[{"count":0,"href":"https:\/\/www.fuldaernachrichten.de\/index.php?rest_route=\/wp\/v2\/posts\/101196\/revisions"}],"wp:attachment":[{"href":"https:\/\/www.fuldaernachrichten.de\/index.php?rest_route=%2Fwp%2Fv2%2Fmedia&parent=101196"}],"wp:term":[{"taxonomy":"category","embeddable":true,"href":"https:\/\/www.fuldaernachrichten.de\/index.php?rest_route=%2Fwp%2Fv2%2Fcategories&post=101196"},{"taxonomy":"post_tag","embeddable":true,"href":"https:\/\/www.fuldaernachrichten.de\/index.php?rest_route=%2Fwp%2Fv2%2Ftags&post=101196"}],"curies":[{"name":"wp","href":"https:\/\/api.w.org\/{rel}","templated":true}]}}