{"id":101181,"date":"2012-08-23T00:12:24","date_gmt":"2012-08-23T00:12:24","guid":{"rendered":"http:\/\/www.fuldaer-nachrichten.de\/?p=101181"},"modified":"2012-08-22T17:17:08","modified_gmt":"2012-08-22T17:17:08","slug":"konferenz-wachse-hoch-oranien-zu-wilhelm-friedrich-von-oranien-nassau-fachvortrage-fuhrungen-und-diskussionen-2","status":"publish","type":"post","link":"https:\/\/www.fuldaernachrichten.de\/?p=101181","title":{"rendered":"Konferenz \u201eWachse hoch, Oranien!\u201c zu Wilhelm Friedrich von Oranien-Nassau &#8211; Fachvortr\u00e4ge, F\u00fchrungen und Diskussionen"},"content":{"rendered":"<p>Fulda (ot). \u201eWachse hoch, Oranien!\u201c ist eine Konferenz \u00fcberschrieben, die sich vom 28. bis 30. August 2012 dem ersten weltlichen Regenten Fuldas zuwendet. Ausgewiesene Experten aus den Niederlanden und Deutschland referieren und diskutieren in Fulda \u00fcber Erbprinz Wilhelm Friedrich von Oranien-Nassau als regierender deutscher F\u00fcrst und beleuchten dessen Wirken in den Jahren 1802 bis 1806 als Station des Prinzen auf seinem Weg zum ersten K\u00f6nig der Niederlande. Organisiert wird die interkommunale und internationale Konferenz von der Stadt Fulda und der B\u00fcrgerschaftlichen Initiative.<!--more--><\/p>\n<p><strong>Deutsch-niederl\u00e4ndische Beziehungen<\/strong><\/p>\n<p>\u201eDie Niederlande werden von 2013 bis 2015 ihres dann 200 Jahre alten K\u00f6nigtums gedenken. Dessen Begr\u00fcnder, der erste niederl\u00e4ndische K\u00f6nig Wilhelm I.,\u00c2\u00a0 absolvierte zuvor in Fulda, Corvey, Dortmund und Weingarten gleichsam seine Lehrjahre als Regent. Dieses historische Faktum wird seit geraumer Zeit von der B\u00fcrgerschaftlichen Initiative thematisiert, um so vor dem Hintergrund des europ\u00e4ischen Einigungsprozesses neue wechselseitige deutsch-niederl\u00e4ndische Beziehungen herbeizuf\u00fchren\u201c, erkl\u00e4rt Josef Hoppe, Sprecher der B\u00fcrgerschaftlichen Initiative, Motivation und Hintergrund der Veranstaltung. Ein solch ambitioniertes Projekt braucht starke Partner. Fuldas Oberb\u00fcrgermeister Gerhard M\u00f6ller ist begeistert vom Engagement der B\u00fcrgerlichen Initiative und \u00fcberzeugt vom nachhaltigen Nutzen der Konferenz f\u00fcr Fulda: \u201eJedes Jahr kommen zahlreiche geschichtsinteressierte G\u00e4ste aus den Niederlanden nach Fulda, um jene Stadt kennen zu lernen, in welcher der erste niederl\u00e4ndische K\u00f6nig, damals noch Erbprinz von Oranien-Nassau, als F\u00fcrst zu Fulda und zu Corvey, Graf zu Dortmund und Herr zu Weingarten von 1802 bis 1806 gewirkt hat, ehe er 1814 die Regentschaft der Niederlande \u00fcbernahm.\u201c<\/p>\n<p><strong>Interessantes Programm<\/strong><\/p>\n<p>Oberb\u00fcrgermeister M\u00f6ller wird die Konferenz am Dienstag, 28. August 2012, um 14:00 Uhr im Fuldaer Stadtschloss er\u00f6ffnen. Josef Hoppe, Sprecher der B\u00fcrgerschaftlichen Initiative, gibt eine Einf\u00fchrung zur Konferenz und dem umfangreichen Programm. Anschlie\u00dfend geht es in Fachvortr\u00e4gen zun\u00e4chst um die wechselseitigen Beziehungen zwischen den Niederlanden und Deutschland. Im Rahmen einer Fulda-F\u00fchrung mit Dr. Thomas Heiler, Leiter des Stadtarchivs und des Kulturamts der Stadt Fulda, gehen die Teilnehmer der Frage nach: \u201eWas erinnert an Erbprinz Wilhelm Friedrich von Oranien-Nassau als regierender deutscher F\u00fcrst?\u201c Zu einem \u00f6ffentlichen Vortrag am Abend in der Aula der Alten Universit\u00e4t sind auch Nicht-Konferenz-Teilnehmer eingeladen. Um 19.30 Uhr referiert dort Dr. Jeroen Koch zum Thema \u201eErbprinz Wilhelm Friedrich von Oranien als regierender deutscher F\u00fcrst\u201c. Veranstalter sind der Magistrat der Stadt Fulda, der Fuldaer Geschichtsverein und die B\u00fcrgerschaftliche Initiative.<\/p>\n<p>An den weiteren beiden Kongresstagen nehmen Vortr\u00e4ge den Streu-Staat Fulda, Corvey, Dortmund und Weingarten in den Blick. Eine Diskussion widmet sich der Frage, ob diese historisch-geografische Gegebenheit nicht eine tragf\u00e4hige Basis f\u00fcr eine wechselseitige deutsch-niederl\u00e4ndische Kooperation in Form einer \u201eOranierroute\u201c zur F\u00f6rderung des Tourismus darstellt. Ebenso stellt ein Vortrag den \u201eNachbar Niederlande\u201c vor \u2013 am Beispiel niederl\u00e4ndischer Touristen in Fulda, H\u00f6xter (Corvey), Dortmund und Weingarten. Auch ein Besuch in Schloss Fasanerie, der einstigen Sommerresidenz des Erbprinzen Wilhelm Friedrich von Oranien-Nassau, steht auf dem Programm der Konferenzteilnehmer. Sie werden von S.K.H. Moritz Landgraf von Hessen empfangen, der die Schirmherrschaft \u00fcbernommen hat. Das Motto \u201eWachse hoch, Oranien!\u201c ist \u00fcbrigens Titel einer Hymne, die anl\u00e4sslich der Geburtstagsfeier des Landesf\u00fcrsten Wilhelm Friedrich 1806 geschaffen wurde.<\/p>\n<p>Flyer<\/p>\n<p>\u00dcber weitere Details zum Programm der dreit\u00e4gigen Konferenz, zu der sich alle Interessierten anmelden k\u00f6nnen, informiert ein Flyer. Dieser liegt unter anderem in der Tourist Information, im B\u00fcrgerb\u00fcro der Stadt Fulda, im Kulturamt und in der Volkshochschule der Stadt aus.<\/p>\n","protected":false},"excerpt":{"rendered":"<div class=\"tmnf_excerpt\"><p>Fulda (ot). \u201eWachse hoch, Oranien!\u201c ist eine Konferenz \u00fcberschrieben, die sich vom 28. bis 30. August 2012 dem ersten weltlichen Regenten Fuldas zuwendet. Ausgewiesene Experten aus den Niederlanden und Deutschland referieren und diskutieren in Fulda \u00fcber Erbprinz Wilhelm Friedrich von Oranien-Nassau als regierender deutscher F\u00fcrst und beleuchten dessen Wirken in den Jahren 1802 bis 1806 &hellip;<\/p>\n<\/div>","protected":false},"author":1,"featured_media":0,"comment_status":"closed","ping_status":"closed","sticky":false,"template":"","format":"standard","meta":{"footnotes":""},"categories":[1,44],"tags":[],"class_list":["post-101181","post","type-post","status-publish","format-standard","hentry","category-startseite","category-kultur"],"_links":{"self":[{"href":"https:\/\/www.fuldaernachrichten.de\/index.php?rest_route=\/wp\/v2\/posts\/101181","targetHints":{"allow":["GET"]}}],"collection":[{"href":"https:\/\/www.fuldaernachrichten.de\/index.php?rest_route=\/wp\/v2\/posts"}],"about":[{"href":"https:\/\/www.fuldaernachrichten.de\/index.php?rest_route=\/wp\/v2\/types\/post"}],"author":[{"embeddable":true,"href":"https:\/\/www.fuldaernachrichten.de\/index.php?rest_route=\/wp\/v2\/users\/1"}],"replies":[{"embeddable":true,"href":"https:\/\/www.fuldaernachrichten.de\/index.php?rest_route=%2Fwp%2Fv2%2Fcomments&post=101181"}],"version-history":[{"count":0,"href":"https:\/\/www.fuldaernachrichten.de\/index.php?rest_route=\/wp\/v2\/posts\/101181\/revisions"}],"wp:attachment":[{"href":"https:\/\/www.fuldaernachrichten.de\/index.php?rest_route=%2Fwp%2Fv2%2Fmedia&parent=101181"}],"wp:term":[{"taxonomy":"category","embeddable":true,"href":"https:\/\/www.fuldaernachrichten.de\/index.php?rest_route=%2Fwp%2Fv2%2Fcategories&post=101181"},{"taxonomy":"post_tag","embeddable":true,"href":"https:\/\/www.fuldaernachrichten.de\/index.php?rest_route=%2Fwp%2Fv2%2Ftags&post=101181"}],"curies":[{"name":"wp","href":"https:\/\/api.w.org\/{rel}","templated":true}]}}