{"id":101179,"date":"2012-08-23T00:12:37","date_gmt":"2012-08-23T00:12:37","guid":{"rendered":"http:\/\/www.fuldaer-nachrichten.de\/?p=101179"},"modified":"2012-08-22T17:29:25","modified_gmt":"2012-08-22T17:29:25","slug":"mehr-betten-fur-radtouristen-in-osthessen-2","status":"publish","type":"post","link":"https:\/\/www.fuldaernachrichten.de\/?p=101179","title":{"rendered":"Mehr Betten f\u00fcr Radtouristen in Osthessen"},"content":{"rendered":"<p>Frankfurt am Main. Bei den meisten Radurlaubern hat sich l\u00e4ngst herumgesprochen, wie man Servicepannen bei der \u00dcbernachtung vermeidet: Gefragt sind Bett+Bike-Unterk\u00fcnfte, die mit sicheren Abstellm\u00f6glichkeiten f\u00fcr das Fahrrad, Trockengelegenheiten f\u00fcr nasse Kleidung, Fahrradwerkzeug und reichhaltigem Fr\u00fchst\u00fcck den besonderen Bed\u00fcrfnissen von Radurlaubern gerecht werden. Gastbetriebe, die am Fulda-Radweg oder BahnRadweg Hessen liegen, k\u00f6nnen sich jetzt vom Allgemeinen Deutschen Fahrrad-Club (ADFC) gegen eine Geb\u00fchr mit dem Bett+Bike Qualit\u00e4tssiegel f\u00fcr fahrradfreundlichen Service zertifizieren lassen.<!--more--><\/p>\n<p>Radurlauber macht der ADFC auf die Bett+Bike-Gastbetriebe durch gedruckte Verzeichnisse, bei Radreisemessen und \u00fcber die Internet-Datenbank www.bettundbike.de aufmerksam. Infos \u00fcber die radlerfreundlichen Unterk\u00fcnfte erhalten Radtouristen unter anderem auch \u00fcber das ADFC-Tourenportal (www.adfc-tourenportal.de) und die Smartphone-App \u201eADFC mobil\u201c. Die neue deutschlandweite Ausgabe des bei Radurlaubern beliebten Bett+Bike-Verzeichnisses erscheint Anfang 2013. F\u00fcr diese Ausgabe m\u00f6chte der ADFC in noch mehr St\u00e4dten und Gemeinden am BahnRadweg Hessen und Fulda-Radweg mit Bett+Bike pr\u00e4sent sein.<\/p>\n<p>Der ADFC rechnet hier mit einem steigenden Bedarf und geht allgemein davon aus, dass der Radtourismus in den kommenden Jahren weiter w\u00e4chst. Bett+Bike-Projektleiterin Nicole Gilla: \u201eVor allem die zahlenm\u00e4\u00dfig stark zunehmende Generation der \u00fcber 50-j\u00e4hrigen steigt im Urlaub gerne aufs Rad, um sich fit zu halten. Zudem weitet der Trend zu Pedelecs und E-Bikes den bisherigen Personenkreis der Radtouristen erheblich aus.\u201c<\/p>\n<p>Die Fahrradfreundlichkeit bewertet der ADFC unabh\u00e4ngig von der sonstigen Ausstattung der Unterk\u00fcnfte: Eine Bett+Bike-Zertifizierung k\u00f6nnen grunds\u00e4tzlich alle Hotels, Pensionen, Ferienwohnungen, Privatunterk\u00fcnfte und Campingpl\u00e4tze erhalten.<\/p>\n<p>Redaktionsschluss f\u00fcr das aktualisierte Bett+Bike-Unterkunftsverzeichnis 2013 ist der <strong>30. September 2012<\/strong>. Im Internet-Portal www.bettundbike.de sind die Unterk\u00fcnfte bereits wenige Tage nach Anmeldung auffindbar. Umfassende Informationen und Online- Ausschreibungsunterlagen bietet das Internet unter: www.bettundbike.de (Bett+Bike-Betrieb werden). Weitere Ausk\u00fcnfte erhalten interessierte Betriebe vom regionalen Bett+Bike-B\u00fcro des ADFC in Frankfurt: Telefon 069-956 34 60 44; Telefax 069-956 34 60 45; E-Mail: hessen@bettundbike.de<\/p>\n","protected":false},"excerpt":{"rendered":"<div class=\"tmnf_excerpt\"><p>Frankfurt am Main. Bei den meisten Radurlaubern hat sich l\u00e4ngst herumgesprochen, wie man Servicepannen bei der \u00dcbernachtung vermeidet: Gefragt sind Bett+Bike-Unterk\u00fcnfte, die mit sicheren Abstellm\u00f6glichkeiten f\u00fcr das Fahrrad, Trockengelegenheiten f\u00fcr nasse Kleidung, Fahrradwerkzeug und reichhaltigem Fr\u00fchst\u00fcck den besonderen Bed\u00fcrfnissen von Radurlaubern gerecht werden. Gastbetriebe, die am Fulda-Radweg oder BahnRadweg Hessen liegen, k\u00f6nnen sich jetzt vom &hellip;<\/p>\n<\/div>","protected":false},"author":1,"featured_media":0,"comment_status":"closed","ping_status":"closed","sticky":false,"template":"","format":"standard","meta":{"footnotes":""},"categories":[1],"tags":[],"class_list":["post-101179","post","type-post","status-publish","format-standard","hentry","category-startseite"],"_links":{"self":[{"href":"https:\/\/www.fuldaernachrichten.de\/index.php?rest_route=\/wp\/v2\/posts\/101179","targetHints":{"allow":["GET"]}}],"collection":[{"href":"https:\/\/www.fuldaernachrichten.de\/index.php?rest_route=\/wp\/v2\/posts"}],"about":[{"href":"https:\/\/www.fuldaernachrichten.de\/index.php?rest_route=\/wp\/v2\/types\/post"}],"author":[{"embeddable":true,"href":"https:\/\/www.fuldaernachrichten.de\/index.php?rest_route=\/wp\/v2\/users\/1"}],"replies":[{"embeddable":true,"href":"https:\/\/www.fuldaernachrichten.de\/index.php?rest_route=%2Fwp%2Fv2%2Fcomments&post=101179"}],"version-history":[{"count":0,"href":"https:\/\/www.fuldaernachrichten.de\/index.php?rest_route=\/wp\/v2\/posts\/101179\/revisions"}],"wp:attachment":[{"href":"https:\/\/www.fuldaernachrichten.de\/index.php?rest_route=%2Fwp%2Fv2%2Fmedia&parent=101179"}],"wp:term":[{"taxonomy":"category","embeddable":true,"href":"https:\/\/www.fuldaernachrichten.de\/index.php?rest_route=%2Fwp%2Fv2%2Fcategories&post=101179"},{"taxonomy":"post_tag","embeddable":true,"href":"https:\/\/www.fuldaernachrichten.de\/index.php?rest_route=%2Fwp%2Fv2%2Ftags&post=101179"}],"curies":[{"name":"wp","href":"https:\/\/api.w.org\/{rel}","templated":true}]}}