{"id":101175,"date":"2012-08-24T00:10:00","date_gmt":"2012-08-24T00:10:00","guid":{"rendered":"http:\/\/www.fuldaer-nachrichten.de\/?p=101175"},"modified":"2012-08-22T17:11:12","modified_gmt":"2012-08-22T17:11:12","slug":"kurs-beckenbodengymnastik-bei-der-helios-elternschule-ab-11-september","status":"publish","type":"post","link":"https:\/\/www.fuldaernachrichten.de\/?p=101175","title":{"rendered":"Kurs Beckenbodengymnastik bei der Helios Elternschule ab 11. September"},"content":{"rendered":"<p><strong><\/strong>H\u00fcnfeld. Der n\u00e4chste Kurs \u201eBeckenbodengymnastik\u201c im Rahmen der HELIOS Elternschule beginnt am Dienstag, den 11. September 2012 um 18.00 Uhr. Dieser Kurs wendet sich an Frauen jeden Alters, die wegen drohender oder bestehender Blasenschw\u00e4che ihren Beckenboden st\u00e4rken wollen. In diskreter Atmosph\u00e4re soll mit Hilfe eines differenzierten Muskelgef\u00fchles und gezieltem Training erlernt werden, wie man diesem typisch weiblichen Problem begegnen kann. Die Kosten f\u00fcr diesen Kurs werden zu 80 Prozent von den Krankenkassen \u00fcbernommen. Anmeldungen nimmt\u00c2\u00a0 Frau Claudia Scholl-Kleinfelder unter der Telefonnummer 06652\/6838 entgegen.<\/p>\n","protected":false},"excerpt":{"rendered":"<div class=\"tmnf_excerpt\"><p>H\u00fcnfeld. Der n\u00e4chste Kurs \u201eBeckenbodengymnastik\u201c im Rahmen der HELIOS Elternschule beginnt am Dienstag, den 11. September 2012 um 18.00 Uhr. Dieser Kurs wendet sich an Frauen jeden Alters, die wegen drohender oder bestehender Blasenschw\u00e4che ihren Beckenboden st\u00e4rken wollen. In diskreter Atmosph\u00e4re soll mit Hilfe eines differenzierten Muskelgef\u00fchles und gezieltem Training erlernt werden, wie man diesem &hellip;<\/p>\n<\/div>","protected":false},"author":1,"featured_media":0,"comment_status":"closed","ping_status":"closed","sticky":false,"template":"","format":"standard","meta":{"footnotes":""},"categories":[1,51],"tags":[],"class_list":["post-101175","post","type-post","status-publish","format-standard","hentry","category-startseite","category-medizin"],"_links":{"self":[{"href":"https:\/\/www.fuldaernachrichten.de\/index.php?rest_route=\/wp\/v2\/posts\/101175","targetHints":{"allow":["GET"]}}],"collection":[{"href":"https:\/\/www.fuldaernachrichten.de\/index.php?rest_route=\/wp\/v2\/posts"}],"about":[{"href":"https:\/\/www.fuldaernachrichten.de\/index.php?rest_route=\/wp\/v2\/types\/post"}],"author":[{"embeddable":true,"href":"https:\/\/www.fuldaernachrichten.de\/index.php?rest_route=\/wp\/v2\/users\/1"}],"replies":[{"embeddable":true,"href":"https:\/\/www.fuldaernachrichten.de\/index.php?rest_route=%2Fwp%2Fv2%2Fcomments&post=101175"}],"version-history":[{"count":0,"href":"https:\/\/www.fuldaernachrichten.de\/index.php?rest_route=\/wp\/v2\/posts\/101175\/revisions"}],"wp:attachment":[{"href":"https:\/\/www.fuldaernachrichten.de\/index.php?rest_route=%2Fwp%2Fv2%2Fmedia&parent=101175"}],"wp:term":[{"taxonomy":"category","embeddable":true,"href":"https:\/\/www.fuldaernachrichten.de\/index.php?rest_route=%2Fwp%2Fv2%2Fcategories&post=101175"},{"taxonomy":"post_tag","embeddable":true,"href":"https:\/\/www.fuldaernachrichten.de\/index.php?rest_route=%2Fwp%2Fv2%2Ftags&post=101175"}],"curies":[{"name":"wp","href":"https:\/\/api.w.org\/{rel}","templated":true}]}}