{"id":101173,"date":"2012-08-23T00:11:26","date_gmt":"2012-08-23T00:11:26","guid":{"rendered":"http:\/\/www.fuldaer-nachrichten.de\/?p=101173"},"modified":"2012-08-22T17:08:03","modified_gmt":"2012-08-22T17:08:03","slug":"fit-in-der-schwangerschaft-kurs-startet-am-12-september","status":"publish","type":"post","link":"https:\/\/www.fuldaernachrichten.de\/?p=101173","title":{"rendered":"Fit in der Schwangerschaft &#8211; Kurs startet am 12. September"},"content":{"rendered":"<p><strong><\/strong>H\u00fcnfeld. Am Mittwoch, den 12. September 2012 um 18.00 Uhr beginnt im Rahmen der HELIOS Elternschule der n\u00e4chste Gymnastikkurs f\u00fcr schwangere Frauen, die sich weiterhin fit halten m\u00f6chten. Unter Ber\u00fccksichtigung der k\u00f6rperlichen Ver\u00e4nderungen in der Schwangerschaft werden durch Wirbels\u00e4ulen- und Beckenbodengymnastik die stark beanspruchten Muskelgruppen gest\u00e4rkt. Atem- und Entspannungs\u00fcbungen helfen die K\u00f6rperwahrnehmungsf\u00e4higkeit zu steigern und bieten einen Ausgleich zum oft anstrengenden Alltag. Eine Kostenbeteiligung durch die Krankenkassen sowie eine kostenfreie Kennenlernstunde sind m\u00f6glich. Anmeldungen nimmt Frau Claudia Scholl-Kleinfelder unter der Telefonnummer 06652\/6838 entgegen.<\/p>\n<p>&nbsp;<\/p>\n","protected":false},"excerpt":{"rendered":"<div class=\"tmnf_excerpt\"><p>H\u00fcnfeld. Am Mittwoch, den 12. September 2012 um 18.00 Uhr beginnt im Rahmen der HELIOS Elternschule der n\u00e4chste Gymnastikkurs f\u00fcr schwangere Frauen, die sich weiterhin fit halten m\u00f6chten. Unter Ber\u00fccksichtigung der k\u00f6rperlichen Ver\u00e4nderungen in der Schwangerschaft werden durch Wirbels\u00e4ulen- und Beckenbodengymnastik die stark beanspruchten Muskelgruppen gest\u00e4rkt. Atem- und Entspannungs\u00fcbungen helfen die K\u00f6rperwahrnehmungsf\u00e4higkeit zu steigern und &hellip;<\/p>\n<\/div>","protected":false},"author":1,"featured_media":0,"comment_status":"closed","ping_status":"closed","sticky":false,"template":"","format":"standard","meta":{"footnotes":""},"categories":[1,51],"tags":[],"class_list":["post-101173","post","type-post","status-publish","format-standard","hentry","category-startseite","category-medizin"],"_links":{"self":[{"href":"https:\/\/www.fuldaernachrichten.de\/index.php?rest_route=\/wp\/v2\/posts\/101173","targetHints":{"allow":["GET"]}}],"collection":[{"href":"https:\/\/www.fuldaernachrichten.de\/index.php?rest_route=\/wp\/v2\/posts"}],"about":[{"href":"https:\/\/www.fuldaernachrichten.de\/index.php?rest_route=\/wp\/v2\/types\/post"}],"author":[{"embeddable":true,"href":"https:\/\/www.fuldaernachrichten.de\/index.php?rest_route=\/wp\/v2\/users\/1"}],"replies":[{"embeddable":true,"href":"https:\/\/www.fuldaernachrichten.de\/index.php?rest_route=%2Fwp%2Fv2%2Fcomments&post=101173"}],"version-history":[{"count":1,"href":"https:\/\/www.fuldaernachrichten.de\/index.php?rest_route=\/wp\/v2\/posts\/101173\/revisions"}],"predecessor-version":[{"id":101174,"href":"https:\/\/www.fuldaernachrichten.de\/index.php?rest_route=\/wp\/v2\/posts\/101173\/revisions\/101174"}],"wp:attachment":[{"href":"https:\/\/www.fuldaernachrichten.de\/index.php?rest_route=%2Fwp%2Fv2%2Fmedia&parent=101173"}],"wp:term":[{"taxonomy":"category","embeddable":true,"href":"https:\/\/www.fuldaernachrichten.de\/index.php?rest_route=%2Fwp%2Fv2%2Fcategories&post=101173"},{"taxonomy":"post_tag","embeddable":true,"href":"https:\/\/www.fuldaernachrichten.de\/index.php?rest_route=%2Fwp%2Fv2%2Ftags&post=101173"}],"curies":[{"name":"wp","href":"https:\/\/api.w.org\/{rel}","templated":true}]}}