{"id":101170,"date":"2012-08-23T00:10:32","date_gmt":"2012-08-23T00:10:32","guid":{"rendered":"http:\/\/www.fuldaer-nachrichten.de\/?p=101170"},"modified":"2012-08-22T17:04:12","modified_gmt":"2012-08-22T17:04:12","slug":"tagung-zum-300-jahrigen-jubilaum-des-fuldaer-domes-im-vonderau-museum","status":"publish","type":"post","link":"https:\/\/www.fuldaernachrichten.de\/?p=101170","title":{"rendered":"Tagung zum 300-j\u00e4hrigen Jubil\u00e4um des Fuldaer Domes im Vonderau Museum"},"content":{"rendered":"<p>Fulda. Am 18. und 19. August fand im st\u00e4dtischen Vonderau Museum die vom Fuldaer Geschichtsverein und Fulda Barock e.V. ausgerichtete Tagung \u201e\u00e2\u20ac\u00a6er schuf einen Neuen Himmel\u00e2\u20ac\u00a6\u201c zum 300 j\u00e4hrigen Domjubil\u00e4um statt. Die fach\u00fcbergreifend angelegte Veranstaltung hatte zum Ziel, \u00fcber den lokalen Rahmen hinaus Bez\u00fcge und Einordnungen des unter F\u00fcrstabt Adalbert von Schleifras nach Pl\u00e4nen von Johann Dientzenhofer errichteten Barockdomes deutlich werden zu lassen. <!--more--><\/p>\n<p>Im einf\u00fchrenden Abendvortrag am 18.08. beleuchtete Prof. Dr. Peter Claus Hartmann aus Mainz die Katholische Kultur im Hl. R\u00f6mischen Reich des 17. und 18. Jahrhunderts unter Einbeziehung aktueller Forschungen. Zum Einstieg am 19.08. stellte Dr. Werner Bartsch, D\u00fcsseldorf, Profanfassaden Johann Dientzenhofers vor und konnte damit im Detail charakteristische Grundmotive und Entwicklungslinien im Werk des Baumeisters aufzeigen. F\u00fcr den erkrankten Schweizer Architekturtheoretiker und \u2013historiker Prof. Dr. Werner Oechslin pr\u00e4sentierten daraufhin Dr. Gregor Stasch und Dr. Burghard Preusler den Fuldaer Dom aus kunsthistorischen und soziologischen Blickrichtungen. Neben im Bild dargestellten Bezugspunkten der Domarchitektur waren es die in Textquellen erhaltenen Stimmen verschiedener am Bau in Fulda Beteiligter, die einen lebendigen Gesamteindruck von der Bedeutung eines solchen Kathedralbaus entstehen lie\u00dfen.<\/p>\n<p>Am Nachmittag lie\u00df der Pr\u00e4sident des Hessischen Landesamts f\u00fcr Denkmalpflege, Prof. Dr. Gerd Wei\u00df, 300 Jahre Instandhaltung und Restaurierung am Fuldaer Dom Revue passieren und damit neben der Restaurierungsgeschichte dieses Geb\u00e4udes auch die typischen Entwicklungen der Denkmalpflege seit ihren institutionellen Anf\u00e4ngen im 19. Jahrhundert. Weihbischof Prof. Dr. Karlheinz Diez schlug am Ende der Tagung einen gro\u00dfen Bogen mit seinem Beitrag zum theologischen Selbstverst\u00e4ndnis der Katholischen Kirche um 1700. Ausgehend von den neuzeitlichen Entwicklungen in Wissenschaften und K\u00fcnsten deutete er das Bauwerk in Fulda als eine zusammenfassende Geste der Sichtbarkeit Katholischen Glaubens und der Kirche in einer Zeit mehr und mehr auseinander tretender Einzeldisziplinen und Interessen. Mit dem Orgelkonzert von Prof. Magdalena Czajka aus Warschau wurde den Teilnehmern abschlie\u00dfend der Dom als Ort auch heute lebendiger syn\u00e4sthetischer Erfahrung vergegenw\u00e4rtigt. (M. Matl)<\/p>\n<p><em>\u00c2\u00a0<\/em><\/p>\n<p><em><br \/>\n<\/em><\/p>\n","protected":false},"excerpt":{"rendered":"<div class=\"tmnf_excerpt\"><p>Fulda. Am 18. und 19. August fand im st\u00e4dtischen Vonderau Museum die vom Fuldaer Geschichtsverein und Fulda Barock e.V. ausgerichtete Tagung \u201e\u00e2\u20ac\u00a6er schuf einen Neuen Himmel\u00e2\u20ac\u00a6\u201c zum 300 j\u00e4hrigen Domjubil\u00e4um statt. Die fach\u00fcbergreifend angelegte Veranstaltung hatte zum Ziel, \u00fcber den lokalen Rahmen hinaus Bez\u00fcge und Einordnungen des unter F\u00fcrstabt Adalbert von Schleifras nach Pl\u00e4nen von &hellip;<\/p>\n<\/div>","protected":false},"author":1,"featured_media":0,"comment_status":"closed","ping_status":"closed","sticky":false,"template":"","format":"standard","meta":{"footnotes":""},"categories":[1,50],"tags":[],"class_list":["post-101170","post","type-post","status-publish","format-standard","hentry","category-startseite","category-kirche"],"_links":{"self":[{"href":"https:\/\/www.fuldaernachrichten.de\/index.php?rest_route=\/wp\/v2\/posts\/101170","targetHints":{"allow":["GET"]}}],"collection":[{"href":"https:\/\/www.fuldaernachrichten.de\/index.php?rest_route=\/wp\/v2\/posts"}],"about":[{"href":"https:\/\/www.fuldaernachrichten.de\/index.php?rest_route=\/wp\/v2\/types\/post"}],"author":[{"embeddable":true,"href":"https:\/\/www.fuldaernachrichten.de\/index.php?rest_route=\/wp\/v2\/users\/1"}],"replies":[{"embeddable":true,"href":"https:\/\/www.fuldaernachrichten.de\/index.php?rest_route=%2Fwp%2Fv2%2Fcomments&post=101170"}],"version-history":[{"count":0,"href":"https:\/\/www.fuldaernachrichten.de\/index.php?rest_route=\/wp\/v2\/posts\/101170\/revisions"}],"wp:attachment":[{"href":"https:\/\/www.fuldaernachrichten.de\/index.php?rest_route=%2Fwp%2Fv2%2Fmedia&parent=101170"}],"wp:term":[{"taxonomy":"category","embeddable":true,"href":"https:\/\/www.fuldaernachrichten.de\/index.php?rest_route=%2Fwp%2Fv2%2Fcategories&post=101170"},{"taxonomy":"post_tag","embeddable":true,"href":"https:\/\/www.fuldaernachrichten.de\/index.php?rest_route=%2Fwp%2Fv2%2Ftags&post=101170"}],"curies":[{"name":"wp","href":"https:\/\/api.w.org\/{rel}","templated":true}]}}