{"id":101168,"date":"2012-08-23T00:10:49","date_gmt":"2012-08-23T00:10:49","guid":{"rendered":"http:\/\/www.fuldaer-nachrichten.de\/?p=101168"},"modified":"2012-08-22T14:08:15","modified_gmt":"2012-08-22T14:08:15","slug":"strom-aus-biogas-schwankungsfrei-und-umweltfreundlich-informationstag-am-sonntag-in-rothemann","status":"publish","type":"post","link":"https:\/\/www.fuldaernachrichten.de\/?p=101168","title":{"rendered":"Strom aus Biogas \u2013 schwankungsfrei und umweltfreundlich &#8211; Informationstag am Sonntag in Rothemann"},"content":{"rendered":"<p><a href=\"http:\/\/www.fuldaer-nachrichten.de\/wp-content\/uploads\/2012\/08\/Biogas_Rothemann.jpg\"><img fetchpriority=\"high\" decoding=\"async\" class=\"alignleft size-thumbnail wp-image-101169\" title=\"Biogas_Rothemann\" src=\"http:\/\/www.fuldaer-nachrichten.de\/wp-content\/uploads\/2012\/08\/Biogas_Rothemann-265x198.jpg\" alt=\"\" width=\"265\" height=\"198\" srcset=\"https:\/\/www.fuldaernachrichten.de\/wp-content\/uploads\/2012\/08\/Biogas_Rothemann-265x198.jpg 265w, https:\/\/www.fuldaernachrichten.de\/wp-content\/uploads\/2012\/08\/Biogas_Rothemann.jpg 600w\" sizes=\"(max-width: 265px) 100vw, 265px\" \/><\/a>Rothemann. Am Sonntag, 26. August 2012, findet auf dem Gel\u00e4nde des Aussiedlerhofs M\u00fcller in Eichenzell-Rothemann ein Informationstag Biogas statt. Seit etwa einem Jahr l\u00e4uft die dortige Biogasanlage im Dauerbetrieb und erzeugt \u00fcberwiegend \u00c2\u00a0mit Rinderg\u00fclle und Gras schwankungsfrei Strom, der ins Netz der \u00dcWAG Netz GmbH eingespeist wird. Rein rechnerisch k\u00f6nnten damit j\u00e4hrlich etwa 1.400 Personen mit elektrischer Energie versorgt werden.<!--more--><\/p>\n<p>Sowohl politische Entscheidungstr\u00e4ger und Repr\u00e4sentanten der Kommunalverwaltungen als auch die \u00d6ffentlichkeit sind eingeladen, sich ein Bild von einer Technologie zu machen, die f\u00fcr das Gelingen der Energiewende einen wichtigen Beitrag liefern kann, gleichzeitig aber derzeit kontrovers diskutiert wird. Die GKU Gesellschaft f\u00fcr kommunale Umwelttechnik mbH, ein Tochterunternehmen der \u00dcWAG, und der Landwirt Christoph M\u00fcller, die gemeinsam die AgrarEnergie Rothemann GmbH gegr\u00fcndet haben, geben am Beispiel der Biogasanlage Rothemann einen detaillierten Einblick in die Funktionsweise und die Umweltbilanz der Anlage. Themen wie Klimaschutz und nachhaltige Energieerzeugung werden in mehreren F\u00fchrungen erl\u00e4utert.<\/p>\n<p>Ab 11:00 Uhr haben alle Interessenten die M\u00f6glichkeit die Anlage zu besichtigen und von den Biogas-Experten der GKU und der AgrarEnergie Rothemann Informationen aus erster Hand zu erhalten. Wer nicht nur seinen Informationshunger sondern auch den Hunger nach Grillspezialit\u00e4ten und Kaffee und Kuchen stillen m\u00f6chte, hat dazu am kommenden Sonntag auf dem Aussiedlerhof M\u00fcller ebenfalls Gelegenheit. Die Kinder erwartet neben kostenlosem Ponyreiten noch ein Unterhaltungsprogramm des Circus Ikarus. F\u00fcr musikalische Unterhaltung sorgt der Musikverein Rothemann, und zum Ausklang des Tages spielt ab 17.30 Uhr die Big Band Hartmann Harmonists. Der Erl\u00f6s der Veranstaltung geht an das Kinderdorf Makumbi in Simbabwe.<\/p>\n","protected":false},"excerpt":{"rendered":"<div class=\"tmnf_excerpt\"><p>Rothemann. Am Sonntag, 26. August 2012, findet auf dem Gel\u00e4nde des Aussiedlerhofs M\u00fcller in Eichenzell-Rothemann ein Informationstag Biogas statt. Seit etwa einem Jahr l\u00e4uft die dortige Biogasanlage im Dauerbetrieb und erzeugt \u00fcberwiegend \u00c2\u00a0mit Rinderg\u00fclle und Gras schwankungsfrei Strom, der ins Netz der \u00dcWAG Netz GmbH eingespeist wird. Rein rechnerisch k\u00f6nnten damit j\u00e4hrlich etwa 1.400 Personen &hellip;<\/p>\n<\/div>","protected":false},"author":1,"featured_media":0,"comment_status":"closed","ping_status":"closed","sticky":false,"template":"","format":"standard","meta":{"footnotes":""},"categories":[1,52],"tags":[],"class_list":["post-101168","post","type-post","status-publish","format-standard","hentry","category-startseite","category-umwelt"],"_links":{"self":[{"href":"https:\/\/www.fuldaernachrichten.de\/index.php?rest_route=\/wp\/v2\/posts\/101168","targetHints":{"allow":["GET"]}}],"collection":[{"href":"https:\/\/www.fuldaernachrichten.de\/index.php?rest_route=\/wp\/v2\/posts"}],"about":[{"href":"https:\/\/www.fuldaernachrichten.de\/index.php?rest_route=\/wp\/v2\/types\/post"}],"author":[{"embeddable":true,"href":"https:\/\/www.fuldaernachrichten.de\/index.php?rest_route=\/wp\/v2\/users\/1"}],"replies":[{"embeddable":true,"href":"https:\/\/www.fuldaernachrichten.de\/index.php?rest_route=%2Fwp%2Fv2%2Fcomments&post=101168"}],"version-history":[{"count":0,"href":"https:\/\/www.fuldaernachrichten.de\/index.php?rest_route=\/wp\/v2\/posts\/101168\/revisions"}],"wp:attachment":[{"href":"https:\/\/www.fuldaernachrichten.de\/index.php?rest_route=%2Fwp%2Fv2%2Fmedia&parent=101168"}],"wp:term":[{"taxonomy":"category","embeddable":true,"href":"https:\/\/www.fuldaernachrichten.de\/index.php?rest_route=%2Fwp%2Fv2%2Fcategories&post=101168"},{"taxonomy":"post_tag","embeddable":true,"href":"https:\/\/www.fuldaernachrichten.de\/index.php?rest_route=%2Fwp%2Fv2%2Ftags&post=101168"}],"curies":[{"name":"wp","href":"https:\/\/api.w.org\/{rel}","templated":true}]}}