{"id":101162,"date":"2012-08-23T00:11:37","date_gmt":"2012-08-23T00:11:37","guid":{"rendered":"http:\/\/www.fuldaer-nachrichten.de\/?p=101162"},"modified":"2012-08-22T14:06:18","modified_gmt":"2012-08-22T14:06:18","slug":"deutscher-alpenverein-und-albert-schweitzer-kinderdorf-hanau-fuhren-in-kooperation-ein-erlebnisprojekt-auf-der-hanauer-hutte-durch","status":"publish","type":"post","link":"https:\/\/www.fuldaernachrichten.de\/?p=101162","title":{"rendered":"Deutscher Alpenverein und Albert-Schweitzer- Kinderdorf Hanau f\u00fchren in Kooperation ein Erlebnisprojekt auf der Hanauer H\u00fctte durch"},"content":{"rendered":"<p><a href=\"http:\/\/www.fuldaer-nachrichten.de\/wp-content\/uploads\/2012\/08\/P1060702.jpg\"><img fetchpriority=\"high\" decoding=\"async\" class=\"alignleft size-thumbnail wp-image-101165\" title=\"P1060702\" src=\"http:\/\/www.fuldaer-nachrichten.de\/wp-content\/uploads\/2012\/08\/P1060702-265x198.jpg\" alt=\"\" width=\"265\" height=\"198\" srcset=\"https:\/\/www.fuldaernachrichten.de\/wp-content\/uploads\/2012\/08\/P1060702-265x198.jpg 265w, https:\/\/www.fuldaernachrichten.de\/wp-content\/uploads\/2012\/08\/P1060702.jpg 600w\" sizes=\"(max-width: 265px) 100vw, 265px\" \/><\/a>Hanau. Eine unvergessliche Zeit erlebten Jugendliche des Albert-Schweitzer-Kinderdorfs (ASK) Hanau und der Sektion Hanau des Deutschen Alpenvereins w\u00e4hrend einer Freizeit auf der Hanauer H\u00fctte in den Lechtaler Alpen. Schon zum wiederholten Male in der fast seit 10 Jahren bestehenden Zusammenarbeit gab es in diesem Jahr f\u00fcr Jugendliche beider Organisationen die M\u00f6glichkeit, gemeinsam einen \u201eErlebnisurlaub\u201c besonderer Art zu verbringen.<!--more--><\/p>\n<p>Manche der Jugendlichen, die im Albert-Schweitzer-Kinderdorf betreut werden, sind zum ersten Mal in den Alpen. \u201eHier sieht\u00e2\u20ac\u02dcs aus wie auf der Schokolade!\u201c \u00c2\u00a0oder \u201eIch habe noch nie eine Kuh angefasst!\u201c \u2013 das sind nur zwei der Aussagen, die das Betreuerteam, das sich aus ehrenamtlichen Mitarbeiterinnen und Mitarbeitern des DAV und P\u00e4dagoginnen und P\u00e4dagogen des ASK zusammensetzt, beeindrucken. \u201eWir wollen hier den Jugendlichen Erlebnisse\u00c2\u00a0 erm\u00f6glichen, die sie bisher nicht gemacht haben,\u201c so beschreibt Uwe Br\u00fcggmann vom DAV die Ziele der Freizeit. \u201eEs geht darum, die eigenen Grenzen auszuprobieren und sich vielleicht auch zu trauen, diese zu \u00fcberschreiten, um Erfolgserlebnisse zu erfahren.\u201c<\/p>\n<p><a href=\"http:\/\/www.fuldaer-nachrichten.de\/wp-content\/uploads\/2012\/08\/P1060013.jpg\"><img decoding=\"async\" class=\"alignnone size-thumbnail wp-image-101167\" title=\"P1060013\" src=\"http:\/\/www.fuldaer-nachrichten.de\/wp-content\/uploads\/2012\/08\/P1060013-265x198.jpg\" alt=\"\" width=\"265\" height=\"198\" srcset=\"https:\/\/www.fuldaernachrichten.de\/wp-content\/uploads\/2012\/08\/P1060013-265x198.jpg 265w, https:\/\/www.fuldaernachrichten.de\/wp-content\/uploads\/2012\/08\/P1060013.jpg 600w\" sizes=\"(max-width: 265px) 100vw, 265px\" \/><\/a> <a href=\"http:\/\/www.fuldaer-nachrichten.de\/wp-content\/uploads\/2012\/08\/P1060001.jpg\"><img decoding=\"async\" class=\"alignnone size-thumbnail wp-image-101164\" title=\"P1060001\" src=\"http:\/\/www.fuldaer-nachrichten.de\/wp-content\/uploads\/2012\/08\/P1060001-265x198.jpg\" alt=\"\" width=\"265\" height=\"198\" srcset=\"https:\/\/www.fuldaernachrichten.de\/wp-content\/uploads\/2012\/08\/P1060001-265x198.jpg 265w, https:\/\/www.fuldaernachrichten.de\/wp-content\/uploads\/2012\/08\/P1060001.jpg 600w\" sizes=\"(max-width: 265px) 100vw, 265px\" \/><\/a><\/p>\n<p>Und so versuchen sich die Jugendlichen im Klettern an kleinen Felsen und gro\u00dfen W\u00e4nden, im Bergwandern oder am in der Steilwand unter der H\u00fctte eingerichteten Klettersteig, aber auch im Baden in einem Bergsee, der gef\u00fchlt nur knapp \u00fcber null Grad \u201ewarm\u201c ist und bei dem die Erwachsenen aufgeben, die Jugendlichen aber Badesachen anziehen und sich kurz, aber heftig erfrischen.<\/p>\n<p>An jedem Abend trifft sich die Gruppe, um auf den vergangenen Tag zur\u00fcck zu schauen und um die Aktionen des n\u00e4chsten Tages zu planen. Dabei mischen sich die Jugendlichen bunt, so dass viele Kontakte zwischen DAV und ASK entstehen. Auch das ist gewollt, sollen so doch die Jugendlichen voneinander lernen und erfahren, was es hei\u00dft, als Team zusammen zu arbeiten.<\/p>\n<p><a href=\"http:\/\/www.fuldaer-nachrichten.de\/wp-content\/uploads\/2012\/08\/P1050981.jpg\"><img loading=\"lazy\" decoding=\"async\" class=\"alignleft size-thumbnail wp-image-101163\" title=\"P1050981\" src=\"http:\/\/www.fuldaer-nachrichten.de\/wp-content\/uploads\/2012\/08\/P1050981-265x198.jpg\" alt=\"\" width=\"265\" height=\"198\" srcset=\"https:\/\/www.fuldaernachrichten.de\/wp-content\/uploads\/2012\/08\/P1050981-265x198.jpg 265w, https:\/\/www.fuldaernachrichten.de\/wp-content\/uploads\/2012\/08\/P1050981.jpg 600w\" sizes=\"(max-width: 265px) 100vw, 265px\" \/><\/a>Und Arbeit steht auch auf dem Plan: Die im Winter von den Schneemassen zerst\u00f6rte Br\u00fccke im Zustiegs zur H\u00fctte muss entfernt und die neue Br\u00fccke muss gesichert werden, im Rahmen einer Ganztagesaktion wird ein neuer Wegweiser am Galtseitenjoch aufgestellt und schlie\u00dflich gilt es, 300 Nadel- und Laubb\u00e4ume unterhalb der H\u00fctte zu pflanzen, um zu verhindern, dass der Zustiegsweg eigenm\u00e4chtig abgeschnitten und dadurch die Stabilit\u00e4t des Hangs beeintr\u00e4chtigt und die Gefahr von Steinschl\u00e4gen erh\u00f6ht wird.<\/p>\n<p>Die Arbeitseins\u00e4tze werden schneller als geplant erledigt, viele der Teilnehmerinnen und Teilnehmer wachsen dabei \u00fcber sich hinaus, und das Team ist begeistert: \u201eNie h\u00e4tten wir erwartet, dass sich die Jugendlichen so einbringen und so mitziehen\u201c, zeigt sich Uli Simon (ASK), beeindruckt. \u201eJeder packt mit an, die Jugendlichen helfen sich und haben richtig Spa\u00df bei der Sache.\u201c So wurden zum Beispiel ganz neue Transportm\u00f6glichkeiten f\u00fcr Latschenkiefern erdacht, n\u00e4mlich eine Wurfkette,\u00c2\u00a0 bei der die B\u00e4umchen einen Gro\u00dfteil der zur\u00fcckzulegenden Strecke\u00c2\u00a0 fliegend hinter sich bringen.<\/p>\n<p>Insgesamt war dazu auch noch das Wetter wunderbar, so dass nach dem anstrengenden Tagwerk die M\u00f6glichkeit bestand, auf der Terrasse der H\u00fctte die Sonne\u00c2\u00a0 zu genie\u00dfen. Dort wurde gespielt, gequatscht und sich ausgeruht, ein Grillabend und ein Lagerfeuer standen zum \u201echillen\u201cauf dem Programm.<\/p>\n<p>Begleitet wurde die Gruppe \u00c2\u00a0von einem Redakteur des Hessischen Rundfunks, der f\u00fcr die Reihe \u201eHessenreporter\u201c die Aktion mit der Kamera dokumentierte. Zu sehen ist die Reportage \u201eGipfel st\u00fcrmen \u2013 wenn Kinder f\u00fcr\u00e2\u20ac\u2122s Leben lernen\u201c am Sonntag, dem 26.82012, um 18,30 Uhr im Hessen-Fernsehen.<\/p>\n","protected":false},"excerpt":{"rendered":"<div class=\"tmnf_excerpt\"><p>Hanau. Eine unvergessliche Zeit erlebten Jugendliche des Albert-Schweitzer-Kinderdorfs (ASK) Hanau und der Sektion Hanau des Deutschen Alpenvereins w\u00e4hrend einer Freizeit auf der Hanauer H\u00fctte in den Lechtaler Alpen. Schon zum wiederholten Male in der fast seit 10 Jahren bestehenden Zusammenarbeit gab es in diesem Jahr f\u00fcr Jugendliche beider Organisationen die M\u00f6glichkeit, gemeinsam einen \u201eErlebnisurlaub\u201c besonderer &hellip;<\/p>\n<\/div>","protected":false},"author":1,"featured_media":0,"comment_status":"closed","ping_status":"closed","sticky":false,"template":"","format":"standard","meta":{"footnotes":""},"categories":[1,52],"tags":[],"class_list":["post-101162","post","type-post","status-publish","format-standard","hentry","category-startseite","category-umwelt"],"_links":{"self":[{"href":"https:\/\/www.fuldaernachrichten.de\/index.php?rest_route=\/wp\/v2\/posts\/101162","targetHints":{"allow":["GET"]}}],"collection":[{"href":"https:\/\/www.fuldaernachrichten.de\/index.php?rest_route=\/wp\/v2\/posts"}],"about":[{"href":"https:\/\/www.fuldaernachrichten.de\/index.php?rest_route=\/wp\/v2\/types\/post"}],"author":[{"embeddable":true,"href":"https:\/\/www.fuldaernachrichten.de\/index.php?rest_route=\/wp\/v2\/users\/1"}],"replies":[{"embeddable":true,"href":"https:\/\/www.fuldaernachrichten.de\/index.php?rest_route=%2Fwp%2Fv2%2Fcomments&post=101162"}],"version-history":[{"count":0,"href":"https:\/\/www.fuldaernachrichten.de\/index.php?rest_route=\/wp\/v2\/posts\/101162\/revisions"}],"wp:attachment":[{"href":"https:\/\/www.fuldaernachrichten.de\/index.php?rest_route=%2Fwp%2Fv2%2Fmedia&parent=101162"}],"wp:term":[{"taxonomy":"category","embeddable":true,"href":"https:\/\/www.fuldaernachrichten.de\/index.php?rest_route=%2Fwp%2Fv2%2Fcategories&post=101162"},{"taxonomy":"post_tag","embeddable":true,"href":"https:\/\/www.fuldaernachrichten.de\/index.php?rest_route=%2Fwp%2Fv2%2Ftags&post=101162"}],"curies":[{"name":"wp","href":"https:\/\/api.w.org\/{rel}","templated":true}]}}