{"id":101154,"date":"2012-08-22T00:13:25","date_gmt":"2012-08-22T00:13:25","guid":{"rendered":"http:\/\/www.fuldaer-nachrichten.de\/?p=101154"},"modified":"2012-08-22T09:12:40","modified_gmt":"2012-08-22T09:12:40","slug":"ottilienoktav-vom-26-08-bis-02-09-in-st-ottilia-niesig","status":"publish","type":"post","link":"https:\/\/www.fuldaernachrichten.de\/?p=101154","title":{"rendered":"Ottilienoktav vom 26.08. bis 02.09. in St. Ottilia Niesig"},"content":{"rendered":"<p><a href=\"http:\/\/www.fuldaer-nachrichten.de\/wp-content\/uploads\/2012\/08\/IMG_4990.jpg\"><img fetchpriority=\"high\" decoding=\"async\" class=\"alignleft size-thumbnail wp-image-101155\" title=\"IMG_4990\" src=\"http:\/\/www.fuldaer-nachrichten.de\/wp-content\/uploads\/2012\/08\/IMG_4990-265x581.jpg\" alt=\"\" width=\"265\" height=\"581\" srcset=\"https:\/\/www.fuldaernachrichten.de\/wp-content\/uploads\/2012\/08\/IMG_4990-265x581.jpg 265w, https:\/\/www.fuldaernachrichten.de\/wp-content\/uploads\/2012\/08\/IMG_4990-273x600.jpg 273w, https:\/\/www.fuldaernachrichten.de\/wp-content\/uploads\/2012\/08\/IMG_4990.jpg 600w\" sizes=\"(max-width: 265px) 100vw, 265px\" \/><\/a>Fulda. Vom Sonntag, 26. August an bis zum 02. September findet in der Kapellengemeinde St. Ottilia, Niesig wieder die\u00c2\u00a0 traditionelle Ottilienoktav statt. Die Hl. Ottilia wurde um das Jahr 660 als Tochter des els\u00e4ssischen Herzogs blind geboren. Vom Vater versto\u00dfen, lie\u00df die fromme Mutter sie heimlich vom Schloss bringen und bei Freunden verstecken und erziehen. Bei der Taufe erhielt Ottilia ihr Augenlicht zur\u00fcck. Sie wirkte bis zu ihrem Tod im Jahre 720 als \u00c4btissin des Klosters Hohenburg. Seither wird die Hl. Ottilia als Patronin der Blinden und der an den Augen Erkrankten verehrt.<\/p>\n<p>Den Auftakt der Ottilienoktav bildet am\u00c2\u00a0 Sonntag, 26. August\u00c2\u00a0 das\u00c2\u00a0 Ottilien- und Pfarrfest, das mit einem Festgottesdienst um 10.00 Uhr in der St. Ottilia Kirche er\u00f6ffnet wird. Anschlie\u00dfend besteht die Gelegenheit zum Fr\u00fchschoppen und Mittagessen auf dem Kirchplatz. F\u00fcr das leibliche Wohl ist den ganzen Tag \u00fcber bestens gesorgt. Um 14.00 Uhr findet die Festandacht mit Auflegen der Reliquien bei sch\u00f6nem Wetter im Freien sonst in der Kirche statt. Anschlie\u00dfend gibt es Kaffee und selbstgebackenen Kuchen. Am Nachmittag spielt der Musikverein Niesig\u00c2\u00a0 auf.<\/p>\n<p>W\u00e4hrend der Ottilienoktav\u00c2\u00a0 sind die Gottesdienste t\u00e4glich \u2013au\u00dfer Samstag &#8211; um 9.00 Uhr (Samstag 18.00 Uhr), die Andachten um 15.00 Uhr. Nach allen Gottesdiensten und Andachten\u00c2\u00a0 werden die Reliquien der Hl. Ottilia aufgelegt. Im Anschluss an die Andachten bietet die Kapellengemeinde w\u00e4hrend der gesamten Woche Kaffee, selbstgebackenen Kuchen und Getr\u00e4nke neben der Kirche an.<\/p>\n<p>&nbsp;<\/p>\n<p>&nbsp;<\/p>\n<p>&nbsp;<\/p>\n","protected":false},"excerpt":{"rendered":"<div class=\"tmnf_excerpt\"><p>Fulda. Vom Sonntag, 26. August an bis zum 02. September findet in der Kapellengemeinde St. Ottilia, Niesig wieder die\u00c2\u00a0 traditionelle Ottilienoktav statt. Die Hl. Ottilia wurde um das Jahr 660 als Tochter des els\u00e4ssischen Herzogs blind geboren. Vom Vater versto\u00dfen, lie\u00df die fromme Mutter sie heimlich vom Schloss bringen und bei Freunden verstecken und erziehen. &hellip;<\/p>\n<\/div>","protected":false},"author":1,"featured_media":0,"comment_status":"closed","ping_status":"closed","sticky":false,"template":"","format":"standard","meta":{"footnotes":""},"categories":[1,50],"tags":[],"class_list":["post-101154","post","type-post","status-publish","format-standard","hentry","category-startseite","category-kirche"],"_links":{"self":[{"href":"https:\/\/www.fuldaernachrichten.de\/index.php?rest_route=\/wp\/v2\/posts\/101154","targetHints":{"allow":["GET"]}}],"collection":[{"href":"https:\/\/www.fuldaernachrichten.de\/index.php?rest_route=\/wp\/v2\/posts"}],"about":[{"href":"https:\/\/www.fuldaernachrichten.de\/index.php?rest_route=\/wp\/v2\/types\/post"}],"author":[{"embeddable":true,"href":"https:\/\/www.fuldaernachrichten.de\/index.php?rest_route=\/wp\/v2\/users\/1"}],"replies":[{"embeddable":true,"href":"https:\/\/www.fuldaernachrichten.de\/index.php?rest_route=%2Fwp%2Fv2%2Fcomments&post=101154"}],"version-history":[{"count":0,"href":"https:\/\/www.fuldaernachrichten.de\/index.php?rest_route=\/wp\/v2\/posts\/101154\/revisions"}],"wp:attachment":[{"href":"https:\/\/www.fuldaernachrichten.de\/index.php?rest_route=%2Fwp%2Fv2%2Fmedia&parent=101154"}],"wp:term":[{"taxonomy":"category","embeddable":true,"href":"https:\/\/www.fuldaernachrichten.de\/index.php?rest_route=%2Fwp%2Fv2%2Fcategories&post=101154"},{"taxonomy":"post_tag","embeddable":true,"href":"https:\/\/www.fuldaernachrichten.de\/index.php?rest_route=%2Fwp%2Fv2%2Ftags&post=101154"}],"curies":[{"name":"wp","href":"https:\/\/api.w.org\/{rel}","templated":true}]}}