{"id":101137,"date":"2012-08-22T00:14:02","date_gmt":"2012-08-22T00:14:02","guid":{"rendered":"http:\/\/www.fuldaer-nachrichten.de\/?p=101137"},"modified":"2012-08-22T08:42:21","modified_gmt":"2012-08-22T08:42:21","slug":"tag-der-offenen-tur-bei-den-caritas-werkstatten-am-31-august","status":"publish","type":"post","link":"https:\/\/www.fuldaernachrichten.de\/?p=101137","title":{"rendered":"Tag der Offenen T\u00fcr bei den Caritas Werkst\u00e4tten am 31. August"},"content":{"rendered":"<p><a href=\"http:\/\/www.fuldaer-nachrichten.de\/wp-content\/uploads\/2012\/08\/IMG_7420.jpg\"><img fetchpriority=\"high\" decoding=\"async\" class=\"alignleft size-thumbnail wp-image-101138\" title=\"IMG_7420\" src=\"http:\/\/www.fuldaer-nachrichten.de\/wp-content\/uploads\/2012\/08\/IMG_7420-265x397.jpg\" alt=\"\" width=\"265\" height=\"397\" srcset=\"https:\/\/www.fuldaernachrichten.de\/wp-content\/uploads\/2012\/08\/IMG_7420-265x397.jpg 265w, https:\/\/www.fuldaernachrichten.de\/wp-content\/uploads\/2012\/08\/IMG_7420-176x265.jpg 176w, https:\/\/www.fuldaernachrichten.de\/wp-content\/uploads\/2012\/08\/IMG_7420.jpg 399w\" sizes=\"(max-width: 265px) 100vw, 265px\" \/><\/a>Fulda (cif). \u201eJede Barriere ist eine zuviel!\u201c so lautete das Motto der Aktion Mensch 2012, um verst\u00e4rkt Inklusion in das Bewusstsein der Bev\u00f6lkerung zu r\u00fccken. Mit der Einladung zum diesj\u00e4hrigen Tag der offenen T\u00fcr in den Caritas- Werkst\u00e4tten Fulda soll dieses Thema aufgegriffen und gezeigt werden, wie \u2013 auch in der Arbeitswelt \u2013 Barrieren auf dem Weg zur Inklusion behinderter Menschen abgebaut werden k\u00f6nnen. Auf diesem Hintergrund laden die Mitarbeiterinnen und Mitarbeiter der Caritas- Werkst\u00e4tten Fulda am 31.08.2012 von 10.00 bis 16.00 Uhr in die St.-Vinzenz-Stra\u00dfe 52, Fulda ein.<\/p>\n<p>Seit Oktober 1969 unterh\u00e4lt der Caritasverband f\u00fcr die Di\u00f6zese Fulda e.V. Werkst\u00e4tten f\u00fcr Menschen mit Behinderungen. Interessierte haben an diesem Tag die Gelegenheit, sich \u00fcber die verschiedensten Qualifizierungsm\u00f6glichkeiten f\u00fcr eine selbstbestimmte Teilhabe am Arbeitsleben zu informieren. Vorgestellt werden Neuerungen in der beruflichen Bildung, erweiterte Hilfen f\u00fcr Menschen, die einen h\u00f6heren Unterst\u00fctzungsbedarf haben, sowie die verschiedenen Arbeitsbereiche der WfbM, arbeitsbegleitende Ma\u00dfnahmen und die W\u00e4scherei in der Ratgarstra\u00dfe 13, die \u00fcber einen Shuttle-Bus zu erreichen sein wird.<\/p>\n<p>In der Werkstatt in der St.-Vinzenz-Stra\u00dfe in Fulda werden derzeit 220 behinderte Menschen besch\u00e4ftigt. Dabei sind die Caritas-Werkst\u00e4tten in vielf\u00e4ltigen Arbeitsfeldern t\u00e4tig: In der Montage- und Konfektionierung, in der Metallverarbeitung und der Elektromontage werden Auftragsarbeiten regionaler Firmen umgesetzt. In der N\u00e4herei k\u00f6nnen sich die Besucher die Arbeitsweise von Industrien\u00e4hmaschinen im t\u00e4glichen Einsatz erkl\u00e4ren lassen. Interessant sind auch die Arbeits- und Qualifizierungsfelder in der Garten- und Landschaftspflege. Hier gibt es allerhand zu besichtigen. Zur Werkstatt geh\u00f6ren zudem eine Turnhalle und das Therapiebad. In der Werkstattkantine wird nat\u00fcrlich f\u00fcr das leibliche Wohl der G\u00e4ste gesorgt. Das Werkstattteam freut sich auf jeden Besucher!<\/p>\n","protected":false},"excerpt":{"rendered":"<div class=\"tmnf_excerpt\"><p>Fulda (cif). \u201eJede Barriere ist eine zuviel!\u201c so lautete das Motto der Aktion Mensch 2012, um verst\u00e4rkt Inklusion in das Bewusstsein der Bev\u00f6lkerung zu r\u00fccken. Mit der Einladung zum diesj\u00e4hrigen Tag der offenen T\u00fcr in den Caritas- Werkst\u00e4tten Fulda soll dieses Thema aufgegriffen und gezeigt werden, wie \u2013 auch in der Arbeitswelt \u2013 Barrieren auf &hellip;<\/p>\n<\/div>","protected":false},"author":1,"featured_media":0,"comment_status":"closed","ping_status":"closed","sticky":false,"template":"","format":"standard","meta":{"footnotes":""},"categories":[1,50],"tags":[],"class_list":["post-101137","post","type-post","status-publish","format-standard","hentry","category-startseite","category-kirche"],"_links":{"self":[{"href":"https:\/\/www.fuldaernachrichten.de\/index.php?rest_route=\/wp\/v2\/posts\/101137","targetHints":{"allow":["GET"]}}],"collection":[{"href":"https:\/\/www.fuldaernachrichten.de\/index.php?rest_route=\/wp\/v2\/posts"}],"about":[{"href":"https:\/\/www.fuldaernachrichten.de\/index.php?rest_route=\/wp\/v2\/types\/post"}],"author":[{"embeddable":true,"href":"https:\/\/www.fuldaernachrichten.de\/index.php?rest_route=\/wp\/v2\/users\/1"}],"replies":[{"embeddable":true,"href":"https:\/\/www.fuldaernachrichten.de\/index.php?rest_route=%2Fwp%2Fv2%2Fcomments&post=101137"}],"version-history":[{"count":1,"href":"https:\/\/www.fuldaernachrichten.de\/index.php?rest_route=\/wp\/v2\/posts\/101137\/revisions"}],"predecessor-version":[{"id":101139,"href":"https:\/\/www.fuldaernachrichten.de\/index.php?rest_route=\/wp\/v2\/posts\/101137\/revisions\/101139"}],"wp:attachment":[{"href":"https:\/\/www.fuldaernachrichten.de\/index.php?rest_route=%2Fwp%2Fv2%2Fmedia&parent=101137"}],"wp:term":[{"taxonomy":"category","embeddable":true,"href":"https:\/\/www.fuldaernachrichten.de\/index.php?rest_route=%2Fwp%2Fv2%2Fcategories&post=101137"},{"taxonomy":"post_tag","embeddable":true,"href":"https:\/\/www.fuldaernachrichten.de\/index.php?rest_route=%2Fwp%2Fv2%2Ftags&post=101137"}],"curies":[{"name":"wp","href":"https:\/\/api.w.org\/{rel}","templated":true}]}}