{"id":101134,"date":"2012-08-22T08:38:11","date_gmt":"2012-08-22T08:38:11","guid":{"rendered":"http:\/\/www.fuldaer-nachrichten.de\/?p=101134"},"modified":"2012-08-22T08:38:11","modified_gmt":"2012-08-22T08:38:11","slug":"modellbahnschau-in-mellrichstadt-am-28-und-29-september","status":"publish","type":"post","link":"https:\/\/www.fuldaernachrichten.de\/?p=101134","title":{"rendered":"Modellbahnschau in Mellrichstadt am 28. und 29. September"},"content":{"rendered":"<p><a href=\"http:\/\/www.fuldaer-nachrichten.de\/wp-content\/uploads\/2012\/08\/DSCF6489.jpg\"><img fetchpriority=\"high\" decoding=\"async\" class=\"alignleft size-thumbnail wp-image-101135\" title=\"DSCF6489\" src=\"http:\/\/www.fuldaer-nachrichten.de\/wp-content\/uploads\/2012\/08\/DSCF6489-265x198.jpg\" alt=\"\" width=\"265\" height=\"198\" srcset=\"https:\/\/www.fuldaernachrichten.de\/wp-content\/uploads\/2012\/08\/DSCF6489-265x198.jpg 265w, https:\/\/www.fuldaernachrichten.de\/wp-content\/uploads\/2012\/08\/DSCF6489.jpg 600w\" sizes=\"(max-width: 265px) 100vw, 265px\" \/><\/a>Mellrichstadt. Zur Tradition ist die Modellbahn-Ausstellung der Eisenbahnfreunde Mellrichstadt schon geworden. Am Samstag, den 29.09.12 und Sonntag, den 30.09.12 von jeweils 10.00-18.00 Uhr wird ein \u00c2\u00a0Spektrum verschiedener Spurweiten \u00c2\u00a0auf einer Fl\u00e4che von ca. 500 qm zu sehen sein. Besonders bei den Kleinen beliebt ist die gro\u00dfe LGB-Bahn auf der B\u00fchne, wo vor allem die J\u00fcngsten Eisenbahnfreunde sehr lange \u201ekleben bleiben\u201c. Was auch vor allem daran liegt, dass sie hier keine \u201elangen H\u00e4lse\u201c machen m\u00fcssen, denn die besten Sitzpl\u00e4tze liegen direkt vor den Schienen. <em>Authentische Betriebsger\u00e4usche der Lokomotiven in dezenter Lautst\u00e4rke machen die Ausstellung zu einem echten Eisenbahn-Erlebnis. Der Fahrbetrieb wird manuell und digitalisiert gesteuert. <\/em>Zeit sollte man schon mitbringen um all die kleinen Attraktionen, die in die Anlagen einbezogen sind, zu entdecken.\u00c2\u00a0<em><\/em>Schauen Sie doch vorbei, und tauchen Sie ein in die Welt der Modelleisenbahn. Am Sonntag findet gleichzeitig der Herbstmarkt in der Innenstadt statt ( bis ca. 17.00 Uhr). Ausf\u00fchrliche Beschreibung der Ausstellung auf der Homepage, auf der Sie auch \u00c4nderungen erfahren.<a href=\"http:\/\/www.eisenbahnfreunde-mellrichstadt.de\/\"> www.eisenbahnfreunde-mellrichstadt.de<\/a> .<\/p>\n<p><em>\u00c2\u00a0<\/em><\/p>\n","protected":false},"excerpt":{"rendered":"<div class=\"tmnf_excerpt\"><p>Mellrichstadt. Zur Tradition ist die Modellbahn-Ausstellung der Eisenbahnfreunde Mellrichstadt schon geworden. Am Samstag, den 29.09.12 und Sonntag, den 30.09.12 von jeweils 10.00-18.00 Uhr wird ein \u00c2\u00a0Spektrum verschiedener Spurweiten \u00c2\u00a0auf einer Fl\u00e4che von ca. 500 qm zu sehen sein. Besonders bei den Kleinen beliebt ist die gro\u00dfe LGB-Bahn auf der B\u00fchne, wo vor allem die J\u00fcngsten &hellip;<\/p>\n<\/div>","protected":false},"author":1,"featured_media":0,"comment_status":"closed","ping_status":"closed","sticky":false,"template":"","format":"standard","meta":{"footnotes":""},"categories":[1,44],"tags":[],"class_list":["post-101134","post","type-post","status-publish","format-standard","hentry","category-startseite","category-kultur"],"_links":{"self":[{"href":"https:\/\/www.fuldaernachrichten.de\/index.php?rest_route=\/wp\/v2\/posts\/101134","targetHints":{"allow":["GET"]}}],"collection":[{"href":"https:\/\/www.fuldaernachrichten.de\/index.php?rest_route=\/wp\/v2\/posts"}],"about":[{"href":"https:\/\/www.fuldaernachrichten.de\/index.php?rest_route=\/wp\/v2\/types\/post"}],"author":[{"embeddable":true,"href":"https:\/\/www.fuldaernachrichten.de\/index.php?rest_route=\/wp\/v2\/users\/1"}],"replies":[{"embeddable":true,"href":"https:\/\/www.fuldaernachrichten.de\/index.php?rest_route=%2Fwp%2Fv2%2Fcomments&post=101134"}],"version-history":[{"count":0,"href":"https:\/\/www.fuldaernachrichten.de\/index.php?rest_route=\/wp\/v2\/posts\/101134\/revisions"}],"wp:attachment":[{"href":"https:\/\/www.fuldaernachrichten.de\/index.php?rest_route=%2Fwp%2Fv2%2Fmedia&parent=101134"}],"wp:term":[{"taxonomy":"category","embeddable":true,"href":"https:\/\/www.fuldaernachrichten.de\/index.php?rest_route=%2Fwp%2Fv2%2Fcategories&post=101134"},{"taxonomy":"post_tag","embeddable":true,"href":"https:\/\/www.fuldaernachrichten.de\/index.php?rest_route=%2Fwp%2Fv2%2Ftags&post=101134"}],"curies":[{"name":"wp","href":"https:\/\/api.w.org\/{rel}","templated":true}]}}