{"id":10105,"date":"2008-06-26T09:01:12","date_gmt":"2008-06-26T07:01:12","guid":{"rendered":"http:\/\/www.schoene-nachrichten.de\/?p=10105"},"modified":"2008-06-26T09:01:12","modified_gmt":"2008-06-26T07:01:12","slug":"spediteure-ermittelten-ihren-europameister","status":"publish","type":"post","link":"https:\/\/www.fuldaernachrichten.de\/?p=10105","title":{"rendered":"Spediteure ermittelten ihren Europameister"},"content":{"rendered":"<p><strong>Fulda.<\/strong> 32 Mannschaften spielten am Samstag, auf dem Sportplatz in Lehnerz ihren eigenen Europameister aus. Eingeladen zu dem Kleinfeld-Fu\u00dfballturnier hatte die St\u00fcckgut-Kooperation SYSTEM ALLIANCE mit Sitz in Niederaula. Organisiert wurde die Veranstaltung, an der Teams aus Deutschland, D\u00e4nemark, Italien, der Niederlande, der T\u00fcrkei und Polen teilnahmen, von ZUFALL in Fulda.<\/p>\n<p>Fotos (6): ZUFALL<\/p>\n<p><a rel=\"lightbox[roadtrip]\" href=\"http:\/\/www.schoene-nachrichten.de\/wp-content\/uploads\/2008\/06\/f1.jpg\" target=\"_blank\"><img decoding=\"async\" class=\"alignleft size-thumbnail wp-image-10108\" title=\"f1\" src=\"http:\/\/www.schoene-nachrichten.de\/wp-content\/uploads\/2008\/06\/f1-128x85.jpg\" alt=\"\" width=\"128\" height=\"85\" \/><\/a> <a rel=\"lightbox[roadtrip]\" href=\"http:\/\/www.schoene-nachrichten.de\/wp-content\/uploads\/2008\/06\/f2.jpg\" target=\"_blank\"><img decoding=\"async\" class=\"alignleft size-thumbnail wp-image-10109\" title=\"f2\" src=\"http:\/\/www.schoene-nachrichten.de\/wp-content\/uploads\/2008\/06\/f2-128x85.jpg\" alt=\"\" width=\"128\" height=\"85\" \/><\/a> <a rel=\"lightbox[roadtrip]\" href=\"http:\/\/www.schoene-nachrichten.de\/wp-content\/uploads\/2008\/06\/f7.jpg\" target=\"_blank\"><img decoding=\"async\" class=\"alignleft size-thumbnail wp-image-10114\" title=\"f7\" src=\"http:\/\/www.schoene-nachrichten.de\/wp-content\/uploads\/2008\/06\/f7-128x85.jpg\" alt=\"\" width=\"128\" height=\"85\" \/><!--more--><\/a><\/p>\n<p>\u201eWir veranstalten das Turnier alle 2 Jahre hier in Fulda und dieses Jahr bereits zum 10. Mal! Unsere Partner in Deutschland und Europa nehmen die Einladung immer sehr gerne an, denn neben dem Fu\u00dfball dient das Treffen vor allem dem pers\u00f6nlichen Kennen lernen der verschiedenen Ansprechpartner. Das wiederum ist wichtig f\u00fcr die t\u00e4gliche Zusammenarbeit.\u201c erl\u00e4utert Michael Hamperl, Mitglied der Niederlassungsleitung, die Idee. Dabei wurde Fulda nicht einfach so als Austragungsort f\u00fcr die Spiele gew\u00e4hlt.<\/p>\n<p>\u201eDie zentrale, verkehrsg\u00fcnstige Lage in Deutschland und Europa bietet nicht nur den perfekten Platz f\u00fcr unsere Logistikaktivit\u00e4ten, sondern auch allen Partnern fast gleiche Bedingungen f\u00fcr deren Anreise.\u201c erkl\u00e4rt Hamperl. Nachdem bei den letzten zwei Turnieren der Gastgeber selbst den Titel holte, blieb er in diesem Jahr zumindest in der ZUFALL-Gruppe. Axthelm+Zufall aus Nohra in Th\u00fcringen hie\u00df am Ende der siegreiche \u201eSpedititeur-Europameister\u201c.<\/p>\n<p><a href=\"http:\/\/www.schoene-nachrichten.de\/wp-content\/uploads\/2008\/06\/f6.jpg\"><img loading=\"lazy\" decoding=\"async\" class=\"alignleft size-thumbnail wp-image-10113\" title=\"f6\" src=\"http:\/\/www.schoene-nachrichten.de\/wp-content\/uploads\/2008\/06\/f6-128x85.jpg\" alt=\"\" width=\"128\" height=\"85\" \/><\/a> <a href=\"http:\/\/www.schoene-nachrichten.de\/wp-content\/uploads\/2008\/06\/f3.jpg\"><img loading=\"lazy\" decoding=\"async\" class=\"alignleft size-thumbnail wp-image-10110\" title=\"f3\" src=\"http:\/\/www.schoene-nachrichten.de\/wp-content\/uploads\/2008\/06\/f3-128x85.jpg\" alt=\"\" width=\"128\" height=\"85\" \/><\/a> <a href=\"http:\/\/www.schoene-nachrichten.de\/wp-content\/uploads\/2008\/06\/f5.jpg\"><img loading=\"lazy\" decoding=\"async\" class=\"alignleft size-thumbnail wp-image-10112\" title=\"f5\" src=\"http:\/\/www.schoene-nachrichten.de\/wp-content\/uploads\/2008\/06\/f5-128x85.jpg\" alt=\"\" width=\"128\" height=\"85\" \/><\/a><\/p>\n<p>Speziell f\u00fcr das niederl\u00e4ndische Team wurde abends im Festzelt sogar die EM live \u00fcbertragen. Die Niederlage ihrer Nationalmannschaft brachte aber die gute Stimmung unter den Spediteuren nicht zum kippen und gefeiert wurde bis in die fr\u00fchen Morgenstunden. Dank des gro\u00dfen Engagements der freiwilligen Helfer und des TSV Lehnerz war das Fu\u00dfballfest eine von allen Teilnehmern gelobte Veranstaltung.<\/p>\n<p><strong><\/strong><\/p>\n","protected":false},"excerpt":{"rendered":"<div class=\"tmnf_excerpt\"><p>Fulda. 32 Mannschaften spielten am Samstag, auf dem Sportplatz in Lehnerz ihren eigenen Europameister aus. Eingeladen zu dem Kleinfeld-Fu\u00dfballturnier hatte die St\u00fcckgut-Kooperation SYSTEM ALLIANCE mit Sitz in Niederaula. Organisiert wurde die Veranstaltung, an der Teams aus Deutschland, D\u00e4nemark, Italien, der Niederlande, der T\u00fcrkei und Polen teilnahmen, von ZUFALL in Fulda. Fotos (6): ZUFALL<\/p>\n<\/div>","protected":false},"author":1,"featured_media":0,"comment_status":"closed","ping_status":"closed","sticky":false,"template":"","format":"standard","meta":{"footnotes":""},"categories":[1,46],"tags":[],"class_list":["post-10105","post","type-post","status-publish","format-standard","hentry","category-startseite","category-sport"],"_links":{"self":[{"href":"https:\/\/www.fuldaernachrichten.de\/index.php?rest_route=\/wp\/v2\/posts\/10105","targetHints":{"allow":["GET"]}}],"collection":[{"href":"https:\/\/www.fuldaernachrichten.de\/index.php?rest_route=\/wp\/v2\/posts"}],"about":[{"href":"https:\/\/www.fuldaernachrichten.de\/index.php?rest_route=\/wp\/v2\/types\/post"}],"author":[{"embeddable":true,"href":"https:\/\/www.fuldaernachrichten.de\/index.php?rest_route=\/wp\/v2\/users\/1"}],"replies":[{"embeddable":true,"href":"https:\/\/www.fuldaernachrichten.de\/index.php?rest_route=%2Fwp%2Fv2%2Fcomments&post=10105"}],"version-history":[{"count":0,"href":"https:\/\/www.fuldaernachrichten.de\/index.php?rest_route=\/wp\/v2\/posts\/10105\/revisions"}],"wp:attachment":[{"href":"https:\/\/www.fuldaernachrichten.de\/index.php?rest_route=%2Fwp%2Fv2%2Fmedia&parent=10105"}],"wp:term":[{"taxonomy":"category","embeddable":true,"href":"https:\/\/www.fuldaernachrichten.de\/index.php?rest_route=%2Fwp%2Fv2%2Fcategories&post=10105"},{"taxonomy":"post_tag","embeddable":true,"href":"https:\/\/www.fuldaernachrichten.de\/index.php?rest_route=%2Fwp%2Fv2%2Ftags&post=10105"}],"curies":[{"name":"wp","href":"https:\/\/api.w.org\/{rel}","templated":true}]}}