{"id":100941,"date":"2012-08-15T00:13:01","date_gmt":"2012-08-15T00:13:01","guid":{"rendered":"http:\/\/www.fuldaer-nachrichten.de\/?p=100941"},"modified":"2012-08-15T08:01:43","modified_gmt":"2012-08-15T08:01:43","slug":"zwei-neuerungen-beim-haimbacher-volkslauf-motto-i-run-for-life-und-der-1-haimbacher-kinderlauf","status":"publish","type":"post","link":"https:\/\/www.fuldaernachrichten.de\/?p=100941","title":{"rendered":"Zwei Neuerungen beim Haimbacher Volkslauf: Motto \u201eI run for life\u201c und der 1. Haimbacher Kinderlauf"},"content":{"rendered":"<p>Fulda. Der Haimbacher Volkslauf am kommenden Samstag, 18. August, wird vom Haimbacher Sportverein 1952 e.V. nun zum dritten Mal ausgetragen und findet in diesem Jahr erstmals in Kooperation mit der Initiative \u201eI run for life\u201c der Deutschen PalliativStiftung statt. Mit dieser Initiative m\u00f6chte die Stiftung das Tabuthema Sterben in weitere Kreise der Gesellschaft tragen und die Bedeutung \u201epalliativ\u201c bekannter machen. Ernst Engel, Vorstandssprecher des Haimbacher SV und Gr\u00fcnder der THOMAS ENGEL-Stiftung, kam auf die Idee, den Volkslauf unter dieses Motto zu stellen. Denn aus eigener Erfahrung ist Engel von der Wichtigkeit einer fl\u00e4chendeckend guten Palliativversorgung \u00fcberzeugt. Neben dem 3. Volkslauf gibt es in diesem Jahr den 1. Haimbacher Kinderlauf f\u00fcr die Jahrg\u00e4nge 2002 bis 2009 mit vier Altersklassen und vier Distanzen. Beide L\u00e4ufe beginnen um 10 Uhr und starten auf dem Sportgel\u00e4nde des Haimbacher Sportvereins. Beim Volkslauf kann man \u00fcber die Distanzen von 5,5 Kilometer sowie 11 Kilometer laufen sowie \u00fcber 5,5 Kilometer \u201eNordic Walken\u201c. Anmelden f\u00fcr die L\u00e4ufe k\u00f6nnen sich alle Interessierte von 8.30 bis 9.45 Uhr am Haimbacher Sportplatz. Die Sieger der Laufwettbewerbe sowie die schnellsten drei Nordic Walker erhalten neben Urkunden auch jeweils das neue \u201eI run for life\u201c-Funktionsshirt, das es erstmals beim Volkslauf auch zu kaufen gibt. Weitere Informationen gibt es auf der Homepage <a href=\"http:\/\/www.haimbacher-sv.de\">www.haimbacher-sv.de<\/a><\/p>\n","protected":false},"excerpt":{"rendered":"<div class=\"tmnf_excerpt\"><p>Fulda. Der Haimbacher Volkslauf am kommenden Samstag, 18. August, wird vom Haimbacher Sportverein 1952 e.V. nun zum dritten Mal ausgetragen und findet in diesem Jahr erstmals in Kooperation mit der Initiative \u201eI run for life\u201c der Deutschen PalliativStiftung statt. Mit dieser Initiative m\u00f6chte die Stiftung das Tabuthema Sterben in weitere Kreise der Gesellschaft tragen und &hellip;<\/p>\n<\/div>","protected":false},"author":1,"featured_media":0,"comment_status":"closed","ping_status":"closed","sticky":false,"template":"","format":"standard","meta":{"footnotes":""},"categories":[1,46],"tags":[],"class_list":["post-100941","post","type-post","status-publish","format-standard","hentry","category-startseite","category-sport"],"_links":{"self":[{"href":"https:\/\/www.fuldaernachrichten.de\/index.php?rest_route=\/wp\/v2\/posts\/100941","targetHints":{"allow":["GET"]}}],"collection":[{"href":"https:\/\/www.fuldaernachrichten.de\/index.php?rest_route=\/wp\/v2\/posts"}],"about":[{"href":"https:\/\/www.fuldaernachrichten.de\/index.php?rest_route=\/wp\/v2\/types\/post"}],"author":[{"embeddable":true,"href":"https:\/\/www.fuldaernachrichten.de\/index.php?rest_route=\/wp\/v2\/users\/1"}],"replies":[{"embeddable":true,"href":"https:\/\/www.fuldaernachrichten.de\/index.php?rest_route=%2Fwp%2Fv2%2Fcomments&post=100941"}],"version-history":[{"count":0,"href":"https:\/\/www.fuldaernachrichten.de\/index.php?rest_route=\/wp\/v2\/posts\/100941\/revisions"}],"wp:attachment":[{"href":"https:\/\/www.fuldaernachrichten.de\/index.php?rest_route=%2Fwp%2Fv2%2Fmedia&parent=100941"}],"wp:term":[{"taxonomy":"category","embeddable":true,"href":"https:\/\/www.fuldaernachrichten.de\/index.php?rest_route=%2Fwp%2Fv2%2Fcategories&post=100941"},{"taxonomy":"post_tag","embeddable":true,"href":"https:\/\/www.fuldaernachrichten.de\/index.php?rest_route=%2Fwp%2Fv2%2Ftags&post=100941"}],"curies":[{"name":"wp","href":"https:\/\/api.w.org\/{rel}","templated":true}]}}