{"id":100939,"date":"2012-08-15T00:11:10","date_gmt":"2012-08-15T00:11:10","guid":{"rendered":"http:\/\/www.fuldaer-nachrichten.de\/?p=100939"},"modified":"2012-08-15T08:00:37","modified_gmt":"2012-08-15T08:00:37","slug":"vogelsbergkreis-hat-weitere-tagesmutter-ausgebildet-wer-hat-interesse-als-tagesmutter-oder-als-tagesvater-zu-arbeiten","status":"publish","type":"post","link":"https:\/\/www.fuldaernachrichten.de\/?p=100939","title":{"rendered":"Vogelsbergkreis hat weitere Tagesm\u00fctter ausgebildet &#8211; Wer hat Interesse, als Tagesmutter oder als Tagesvater zu arbeiten?"},"content":{"rendered":"<p><a href=\"http:\/\/www.fuldaer-nachrichten.de\/wp-content\/uploads\/2012\/08\/TagesmutterAugust2012600.jpg\"><img fetchpriority=\"high\" decoding=\"async\" class=\"alignleft size-thumbnail wp-image-100940\" title=\"TagesmutterAugust2012600\" src=\"http:\/\/www.fuldaer-nachrichten.de\/wp-content\/uploads\/2012\/08\/TagesmutterAugust2012600-265x280.jpg\" alt=\"\" width=\"265\" height=\"280\" srcset=\"https:\/\/www.fuldaernachrichten.de\/wp-content\/uploads\/2012\/08\/TagesmutterAugust2012600-265x280.jpg 265w, https:\/\/www.fuldaernachrichten.de\/wp-content\/uploads\/2012\/08\/TagesmutterAugust2012600-250x265.jpg 250w, https:\/\/www.fuldaernachrichten.de\/wp-content\/uploads\/2012\/08\/TagesmutterAugust2012600-566x600.jpg 566w, https:\/\/www.fuldaernachrichten.de\/wp-content\/uploads\/2012\/08\/TagesmutterAugust2012600.jpg 600w\" sizes=\"(max-width: 265px) 100vw, 265px\" \/><\/a>Vogelsbergkreis. Durch den aktuell beendeten Qualifizierungskurs f\u00fcr Kindertagespflege stehen nun weitere sechs Personen f\u00fcr die Betreuung von Kindern zwischen 0 und 14 Jahren zur Verf\u00fcgung. Dies teilt die Kreispressestelle mit. Damit stehen im Landkreis rund 200 Tagespflegepl\u00e4tze zur Verf\u00fcgung. Dies ist eine Verf\u00fcnffachung des Bestands gegen\u00fcber 2008.\u00c2\u00a0 In dem \u00fcber die Volkshochschule des Vogelsbergkreises angebotenen Qualifizierungskurs wurden die Teilnehmer zu wichtigen rechtlichen, p\u00e4dagogischen und psychologischen Aspekten der Kindertagespflege geschult. Die qualifizierten Tagespflegepersonen erf\u00fcllen nun eine grundlegende Voraussetzung, um die Pflegeerlaubnis zur Kindertagespflege durch das Jugendamt zu erhalten.<!--more--><\/p>\n<p>Die Beratung, Qualifizierung, Begleitung und Vermittlung der Kindertagespflegepersonen erfolgt im Vogelsbergkreis in enger Kooperation zwischen dem Jugendamt, der Volkshochschule und der Neue Arbeit Vogelsberg gGmbH. Der Bedarf an Betreuungspl\u00e4tzen f\u00fcr Kinder in unterschiedlichsten Altersstufen steigt zunehmend und kann bislang von den bereits ausgebildeten Tagespflegepersonen noch nicht gedeckt werden, erl\u00e4utert Projektleiterin Susan Jusseaume.<\/p>\n<p>\u201eDurch die Nutzung eines Landesinvestitionsprogramm soll der Ausbau in der Kindertagespflege weiter voran getrieben werden, um dem ab August 2013 geltenden Rechtsanspruch auf einen Betreuungsplatz aller Kinder ab einem Jahr gerecht zu werden\u201c, unterstreicht Jugenddezernent Peter Zielinski. Der Erste Kreisbeigeordnete geht davon aus, dass zuk\u00fcnftig neue Pl\u00e4tze f\u00fcr Kinder unter drei Jahren in der Kindertagespflege mit einer Pauschale von 500 Euro gef\u00f6rdert werden.<\/p>\n<p>Um weiter Betreuungspersonen f\u00fcr den Vogelsbergkreis auszubilden, wird im Herbst dieses Jahres ein weiterer Qualifizierungskurs angeboten. F\u00fcr die Teilnehmer fallen keine Kursgeb\u00fchren an. Interessierte Personen, aber auch Eltern, die eine Betreuung ben\u00f6tigen, k\u00f6nnen sich an das Amt f\u00fcr Jugend, Familie und Sport des Vogelsbergkreises wenden. Die Ansprechpartnerin Frau Jusseaume ist unter der Telefonnummer 06641-977-420 oder unter der E-Mailadresse kindertagespflege@vogelsbergkreis.de zu erreichen.<\/p>\n<p>Das Foto zeigt die neuen Tagesm\u00fctter zusammen mit der Ausbilderin Christiane Becker-Ott (links) Foto: Vogelsbergkreis<\/p>\n","protected":false},"excerpt":{"rendered":"<div class=\"tmnf_excerpt\"><p>Vogelsbergkreis. Durch den aktuell beendeten Qualifizierungskurs f\u00fcr Kindertagespflege stehen nun weitere sechs Personen f\u00fcr die Betreuung von Kindern zwischen 0 und 14 Jahren zur Verf\u00fcgung. Dies teilt die Kreispressestelle mit. Damit stehen im Landkreis rund 200 Tagespflegepl\u00e4tze zur Verf\u00fcgung. Dies ist eine Verf\u00fcnffachung des Bestands gegen\u00fcber 2008.\u00c2\u00a0 In dem \u00fcber die Volkshochschule des Vogelsbergkreises angebotenen &hellip;<\/p>\n<\/div>","protected":false},"author":1,"featured_media":0,"comment_status":"closed","ping_status":"closed","sticky":false,"template":"","format":"standard","meta":{"footnotes":""},"categories":[1,53],"tags":[],"class_list":["post-100939","post","type-post","status-publish","format-standard","hentry","category-startseite","category-bildung"],"_links":{"self":[{"href":"https:\/\/www.fuldaernachrichten.de\/index.php?rest_route=\/wp\/v2\/posts\/100939","targetHints":{"allow":["GET"]}}],"collection":[{"href":"https:\/\/www.fuldaernachrichten.de\/index.php?rest_route=\/wp\/v2\/posts"}],"about":[{"href":"https:\/\/www.fuldaernachrichten.de\/index.php?rest_route=\/wp\/v2\/types\/post"}],"author":[{"embeddable":true,"href":"https:\/\/www.fuldaernachrichten.de\/index.php?rest_route=\/wp\/v2\/users\/1"}],"replies":[{"embeddable":true,"href":"https:\/\/www.fuldaernachrichten.de\/index.php?rest_route=%2Fwp%2Fv2%2Fcomments&post=100939"}],"version-history":[{"count":0,"href":"https:\/\/www.fuldaernachrichten.de\/index.php?rest_route=\/wp\/v2\/posts\/100939\/revisions"}],"wp:attachment":[{"href":"https:\/\/www.fuldaernachrichten.de\/index.php?rest_route=%2Fwp%2Fv2%2Fmedia&parent=100939"}],"wp:term":[{"taxonomy":"category","embeddable":true,"href":"https:\/\/www.fuldaernachrichten.de\/index.php?rest_route=%2Fwp%2Fv2%2Fcategories&post=100939"},{"taxonomy":"post_tag","embeddable":true,"href":"https:\/\/www.fuldaernachrichten.de\/index.php?rest_route=%2Fwp%2Fv2%2Ftags&post=100939"}],"curies":[{"name":"wp","href":"https:\/\/api.w.org\/{rel}","templated":true}]}}