{"id":100934,"date":"2012-08-15T00:14:38","date_gmt":"2012-08-15T00:14:38","guid":{"rendered":"http:\/\/www.fuldaer-nachrichten.de\/?p=100934"},"modified":"2012-08-15T07:55:35","modified_gmt":"2012-08-15T07:55:35","slug":"ausbildungsstart-bei-der-kreisverwaltung-erster-schritt-in-einem-neuen-lebensabschnitt-fur-acht-junge-erwachsene","status":"publish","type":"post","link":"https:\/\/www.fuldaernachrichten.de\/?p=100934","title":{"rendered":"Ausbildungsstart bei der Kreisverwaltung: Erster Schritt in einem neuen Lebensabschnitt f\u00fcr acht junge Erwachsene"},"content":{"rendered":"<p><a href=\"http:\/\/www.fuldaer-nachrichten.de\/wp-content\/uploads\/2012\/08\/371-Azubis.jpg\"><img decoding=\"async\" class=\"alignleft size-thumbnail wp-image-100935\" title=\"371-Azubis\" src=\"http:\/\/www.fuldaer-nachrichten.de\/wp-content\/uploads\/2012\/08\/371-Azubis-265x176.jpg\" alt=\"\" width=\"265\" height=\"176\" srcset=\"https:\/\/www.fuldaernachrichten.de\/wp-content\/uploads\/2012\/08\/371-Azubis-265x176.jpg 265w, https:\/\/www.fuldaernachrichten.de\/wp-content\/uploads\/2012\/08\/371-Azubis.jpg 600w\" sizes=\"(max-width: 265px) 100vw, 265px\" \/><\/a>Fulda. Zum 1. August\u00c2\u00a0 haben acht junge Erwachsene ihre Ausbildung zur\/zum Verwaltungsfachangestellte\/n bei der Kreisverwaltung Fulda begonnen. Landrat Bernd Woide begr\u00fc\u00dfte den \u201eNachwuchs\u201c mit einem herzlichen Willkommen. \u201eDer erste Tag als Auszubildende war f\u00fcr uns alle was Besonderes\u201c, sagt Anna-Lena Vogt, die ihre Eltern mit zum Empfang ins Landratsamt gebracht hat. Benjamin Boschmann freut sich, dass f\u00fcr ihn ein neuer Lebensabschnitt beginnt, der Grundstein f\u00fcr seine weitere berufliche Entwicklung sein wird.<!--more--><\/p>\n<p>Es war ein Tag des Kennenlernens und des Hineinschnupperns in die neue Berufswelt. Welche Aufgaben der Landkreis Fulda hat und wie die Struktur innerhalb der Verwaltung gegliedert ist, stellten Auszubildende des dritten Lehrjahres ihren \u201eNachk\u00f6mmlingen\u201c vor. \u201eBislang hatte ich nur mit der Verkehrsbeh\u00f6rde Kontakt, als ich meinen F\u00fchrerschein abholen durfte\u201c, sagt Larissa Witzel. Sie ist gespannt, welche weiteren Aufgaben sich hinter der Fassade des gro\u00dfen Geb\u00e4udes in der W\u00f6rthstra\u00dfe verbergen.<\/p>\n<p>Mit der Aush\u00e4ndigung der Arbeitsvertr\u00e4ge, erkl\u00e4rte Landrat Woide, sei der erste Schritt ins Erwachsenenleben geschafft, und gratulierte den Auszubildenden zu ihren neuen Aufgaben. Woide betonte aber auch, dass an einen stolperfreien Start Erwartungen gekn\u00fcpft w\u00fcrden. Vor allem sei es in den ersten Monaten wichtig, den Mut zu haben, Fragen zu stellen, neugierig zu sein und gut zuzuh\u00f6ren.<\/p>\n<p>Denn durch den Umgang mit neuen Kolleginnen, Kollegen und Vorgesetzten sowie Kontakte zu den B\u00fcrgern und Mitarbeitern anderer Beh\u00f6rden und Institutionen werden die angehenden Verwaltungsfachangestellten von nun an immer wieder vor neue Herausforderungen gestellt.<\/p>\n<p>Nach einem umfangreichen Einstellungsverfahren mit Test und Vorstellungsgespr\u00e4chen hatten sich die Auszubildenden am Ende gegen rund hundert weitere Bewerber durchgesetzt. In den n\u00e4chsten drei Jahren werden sie im Wechselrhythmus alle zwei Monate ihre praktische Ausbildung in den unterschiedlichen Fachdiensten im Landkreis Fulda durchlaufen. \u201eAuf diese Weise k\u00f6nnen wir unseren Auszubildenden eine interessante und abwechslungsreiche Ausbildung bieten\u201c, erkl\u00e4rt Ausbildungsleiterin Maria Post. Und Michelle freut sich, dass ihre erste Ausbildungsstation im Fachdienst Veterin\u00e4rwesen und Verbraucherschutz sein wird, da sie \u00fcber den landwirtschaftlichen Betrieb ihrer Eltern schon einige Male mit dem Fachdienst in Ber\u00fchrung gekommen ist.<\/p>\n<p>Der theoretische Unterricht findet je nach Ausbildungsabschnitt zweimal w\u00f6chentlich in der Konrad-Zuse-Schule in H\u00fcnfeld und im Verwaltungsseminar in Kassel statt. \u201eParallel dazu erg\u00e4nzen wir das theoretische Wissen durch interne Dienst begleitende Unterweisungen, um die Auszubildenden optimal auf ihre Pr\u00fcfungen vorzubereiten\u201c, so Post weiter.<\/p>\n<p>Ein offenes Ohr bei Fragen und Problemen der Auszubildenden hat jederzeit die Jugend- und Auszubildendenvertretung des Landkreises Fulda, deren Mitglied Karina Zachartschuk ist. \u201eZur St\u00e4rkung des Teamgedankens arbeiten wir gemeinsam mit allen Auszubildenden regelm\u00e4\u00dfig an verschiedenen Projekten und f\u00fchren Unternehmungen durch\u201c, berichtet Zachartschuk, die sich schon sehr auf die Kennenlern-Fahrt mit dem neuen Ausbildungsjahrgang nach Bad Hersfeld freut<\/p>\n<p><strong>Info<\/strong><\/p>\n<p>Die Stellenanzeige f\u00fcr das Ausbildungsjahr 2013 kann unter <a title=\"blocked::http:\/\/www.landkreis-fulda.de\/\" href=\"http:\/\/www.landkreis-fulda.de\/\">www.landkreis-fulda.de<\/a> abgerufen werden. Weitere Ausk\u00fcnfte erteilt Maria Post telefonisch unter (06 61)6006-456.<\/p>\n","protected":false},"excerpt":{"rendered":"<div class=\"tmnf_excerpt\"><p>Fulda. Zum 1. August\u00c2\u00a0 haben acht junge Erwachsene ihre Ausbildung zur\/zum Verwaltungsfachangestellte\/n bei der Kreisverwaltung Fulda begonnen. Landrat Bernd Woide begr\u00fc\u00dfte den \u201eNachwuchs\u201c mit einem herzlichen Willkommen. \u201eDer erste Tag als Auszubildende war f\u00fcr uns alle was Besonderes\u201c, sagt Anna-Lena Vogt, die ihre Eltern mit zum Empfang ins Landratsamt gebracht hat. Benjamin Boschmann freut sich, &hellip;<\/p>\n<\/div>","protected":false},"author":1,"featured_media":0,"comment_status":"closed","ping_status":"closed","sticky":false,"template":"","format":"standard","meta":{"footnotes":""},"categories":[1,53],"tags":[],"class_list":["post-100934","post","type-post","status-publish","format-standard","hentry","category-startseite","category-bildung"],"_links":{"self":[{"href":"https:\/\/www.fuldaernachrichten.de\/index.php?rest_route=\/wp\/v2\/posts\/100934","targetHints":{"allow":["GET"]}}],"collection":[{"href":"https:\/\/www.fuldaernachrichten.de\/index.php?rest_route=\/wp\/v2\/posts"}],"about":[{"href":"https:\/\/www.fuldaernachrichten.de\/index.php?rest_route=\/wp\/v2\/types\/post"}],"author":[{"embeddable":true,"href":"https:\/\/www.fuldaernachrichten.de\/index.php?rest_route=\/wp\/v2\/users\/1"}],"replies":[{"embeddable":true,"href":"https:\/\/www.fuldaernachrichten.de\/index.php?rest_route=%2Fwp%2Fv2%2Fcomments&post=100934"}],"version-history":[{"count":0,"href":"https:\/\/www.fuldaernachrichten.de\/index.php?rest_route=\/wp\/v2\/posts\/100934\/revisions"}],"wp:attachment":[{"href":"https:\/\/www.fuldaernachrichten.de\/index.php?rest_route=%2Fwp%2Fv2%2Fmedia&parent=100934"}],"wp:term":[{"taxonomy":"category","embeddable":true,"href":"https:\/\/www.fuldaernachrichten.de\/index.php?rest_route=%2Fwp%2Fv2%2Fcategories&post=100934"},{"taxonomy":"post_tag","embeddable":true,"href":"https:\/\/www.fuldaernachrichten.de\/index.php?rest_route=%2Fwp%2Fv2%2Ftags&post=100934"}],"curies":[{"name":"wp","href":"https:\/\/api.w.org\/{rel}","templated":true}]}}