{"id":100926,"date":"2012-08-15T00:20:52","date_gmt":"2012-08-15T00:20:52","guid":{"rendered":"http:\/\/www.fuldaer-nachrichten.de\/?p=100926"},"modified":"2012-08-15T07:41:44","modified_gmt":"2012-08-15T07:41:44","slug":"5-oldtimertreffen-in-hattenhof-vom-25-bis-zum-27-august","status":"publish","type":"post","link":"https:\/\/www.fuldaernachrichten.de\/?p=100926","title":{"rendered":"5. Oldtimertreffen in Hattenhof vom 25. bis zum 27. August"},"content":{"rendered":"<p><strong><a href=\"http:\/\/www.fuldaer-nachrichten.de\/wp-content\/uploads\/2012\/08\/2012-Bild-Presse-Traktoren-Baudis.jpg\"><img decoding=\"async\" class=\"alignleft size-thumbnail wp-image-100927\" title=\"2012 Bild Presse Traktoren Baudis\" src=\"http:\/\/www.fuldaer-nachrichten.de\/wp-content\/uploads\/2012\/08\/2012-Bild-Presse-Traktoren-Baudis-265x175.jpg\" alt=\"\" width=\"265\" height=\"175\" srcset=\"https:\/\/www.fuldaernachrichten.de\/wp-content\/uploads\/2012\/08\/2012-Bild-Presse-Traktoren-Baudis-265x175.jpg 265w, https:\/\/www.fuldaernachrichten.de\/wp-content\/uploads\/2012\/08\/2012-Bild-Presse-Traktoren-Baudis.jpg 600w\" sizes=\"(max-width: 265px) 100vw, 265px\" \/><\/a>Hattenhof. <\/strong>Ein kleines Jubil\u00e4um feiern die Oldtimerfreunde der Freiwilligen Feuerwehr Hattenhof am Wochenende vom 25. bis zum 27. August 2012. Zum f\u00fcnften Mal in Folge findet das beliebte Oldtimertreffen statt. Bereits das erste Oldtimertreffen in Hattenhof \u00fcbertraf die\u00c2\u00a0 Erwartungen der Veranstalter deutlich. Die tolle Atmosph\u00e4re rund um das Ausstellungsgel\u00e4nde sorgt f\u00fcr eine stetig steigende Zahl von Oldtimern und Zuschauern. Bis zu 170 Fahrzeuge aus den Bereichen Autos, Motorr\u00e4der, Traktoren und LKW werden auch in diesem Jahr wieder erwartet. Autos aus den 50er und 60er Jahren wie Lloyd Alexander oder Borgward Isabella oder amerikanische Modelle wie z.B. ein Mercury Cougar oder Cadillac Sedan de Ville repr\u00e4sentierten verschiedene\u00c2\u00a0 Epochen des Automobilbaus. Bei den Traktoren sind viele Epochen und Marken von Allgaier, Lanz bis Zettelmeyer vertreten. Auch Motorr\u00e4der aus der Vorkriegszeit und der Wirtschaftswunderjahre werden erwartet.<\/p>\n<p>Fotos: Bernhard Baudis<!--more--><\/p>\n<p>Am Samstag ab 19:00 Uhr wird bei Lagerfeuer die Oldtimerromantik gelebt. Unter dem Motto \u201eCountry-Night\u201c im Festzelt lernen die Zuh\u00f6rer hautnah kennen, was passiert wenn sich die musikalischen Dinosaurier G\u00fcnther Fuchs und Elmar Hainer, mit jahrelanger Erfahrung in Rock, Top 40 und Show- und Tanzmusik, endlich zu ihrer jahrelangen heimlichen Liebe, der modernen Countrymusic, bekennen. In Konstellation mit der hochtalentierten S\u00e4ngerin und Songschreiberin Jara Hainer \u00c2\u00a0liefert die <strong>Band CoolCountry<\/strong> <a href=\"http:\/\/www.cool-country.net\">http:\/\/www.cool-country.net<\/a> G\u00e4nsehautfeeling pur. Diese Band agiert, nicht zuletzt aufgrund ihrer exzellenten musikalischen Wurzeln, hochprofessionell. Ein besonderes Highlight ist, neben Gitarre, Mandoline, Dobro und dem dreistimmigen Gesang, der Einsatz einer echten Nashville Pedal Steel Gitarre.\u00c2\u00a0 Kenner wissen, dass mit diesem Instrument, welches\u00c2\u00a0selten live zu h\u00f6ren ist, Country-music erst richtig lebt.<\/p>\n<p><a href=\"http:\/\/www.fuldaer-nachrichten.de\/wp-content\/uploads\/2012\/08\/2012-Bild-Presse-NSU-501-OSS-1935.jpg\"><img fetchpriority=\"high\" decoding=\"async\" class=\"alignnone size-thumbnail wp-image-100929\" title=\"2012 Bild Presse  NSU 501 OSS 1935\" src=\"http:\/\/www.fuldaer-nachrichten.de\/wp-content\/uploads\/2012\/08\/2012-Bild-Presse-NSU-501-OSS-1935-265x198.jpg\" alt=\"\" width=\"265\" height=\"198\" srcset=\"https:\/\/www.fuldaernachrichten.de\/wp-content\/uploads\/2012\/08\/2012-Bild-Presse-NSU-501-OSS-1935-265x198.jpg 265w, https:\/\/www.fuldaernachrichten.de\/wp-content\/uploads\/2012\/08\/2012-Bild-Presse-NSU-501-OSS-1935.jpg 600w\" sizes=\"(max-width: 265px) 100vw, 265px\" \/><\/a> <a href=\"http:\/\/www.fuldaer-nachrichten.de\/wp-content\/uploads\/2012\/08\/2012-Bild-Presse-BMW-Gespann-1945-.jpg\"><img decoding=\"async\" class=\"alignnone size-thumbnail wp-image-100928\" title=\"2012 Bild Presse  BMW Gespann 1945\" src=\"http:\/\/www.fuldaer-nachrichten.de\/wp-content\/uploads\/2012\/08\/2012-Bild-Presse-BMW-Gespann-1945--265x198.jpg\" alt=\"\" width=\"265\" height=\"198\" srcset=\"https:\/\/www.fuldaernachrichten.de\/wp-content\/uploads\/2012\/08\/2012-Bild-Presse-BMW-Gespann-1945--265x198.jpg 265w, https:\/\/www.fuldaernachrichten.de\/wp-content\/uploads\/2012\/08\/2012-Bild-Presse-BMW-Gespann-1945-.jpg 600w\" sizes=\"(max-width: 265px) 100vw, 265px\" \/><\/a><\/p>\n<p>Am Sonntag ab 9:00 Uhr k\u00f6nnen sich alle Oldtimerfans bei einem deftigen Fr\u00fchst\u00fcck mit Eiern und Speck f\u00fcr den langen Tag st\u00e4rken. Die Oldtimer werden am Sonntagmorgen erwartet. Um 13:30 Uhr findet eine Ausfahrt\u00c2\u00a0 \u201eRund um Hattenhof\u201c statt. Die Ausfahrt wird in verschiedenen Gruppen vom Festgel\u00e4nde in Rundfahrten um Hattenhof gef\u00fchrt. Hier k\u00f6nnen die Besucher die Traktoren, LKW, Autos und Motorr\u00e4der einmal live erleben. Bereits um 15:00 Uhr erfolgt die Pr\u00e4mierung der Fahrzeuge. Damit auch die kleinen G\u00e4ste nicht zu kurz kommen, ist rund um das Festgel\u00e4nde f\u00fcr Spa\u00df und Unterhaltung f\u00fcr die Kinder gesorgt.Am Montag, 27. August 2012 wird die Veranstaltung mit einem z\u00fcnftigen Haxen-Essen und Klosterbier abgeschlossen.<\/p>\n<p>Weitere Infos f\u00fcr die Teilnehmer und Besucher auf der Homepage <a href=\"http:\/\/www.ffw-hattenhof.de\/\">www.ffw-hattenhof.de<\/a> und\u00c2\u00a0 bei dem Veranstalter unter der Telefonnummer 06655\/919901.<\/p>\n","protected":false},"excerpt":{"rendered":"<div class=\"tmnf_excerpt\"><p>Hattenhof. Ein kleines Jubil\u00e4um feiern die Oldtimerfreunde der Freiwilligen Feuerwehr Hattenhof am Wochenende vom 25. bis zum 27. August 2012. Zum f\u00fcnften Mal in Folge findet das beliebte Oldtimertreffen statt. Bereits das erste Oldtimertreffen in Hattenhof \u00fcbertraf die\u00c2\u00a0 Erwartungen der Veranstalter deutlich. Die tolle Atmosph\u00e4re rund um das Ausstellungsgel\u00e4nde sorgt f\u00fcr eine stetig steigende Zahl &hellip;<\/p>\n<\/div>","protected":false},"author":1,"featured_media":0,"comment_status":"closed","ping_status":"closed","sticky":false,"template":"","format":"standard","meta":{"footnotes":""},"categories":[1,35],"tags":[],"class_list":["post-100926","post","type-post","status-publish","format-standard","hentry","category-startseite","category-auto"],"_links":{"self":[{"href":"https:\/\/www.fuldaernachrichten.de\/index.php?rest_route=\/wp\/v2\/posts\/100926","targetHints":{"allow":["GET"]}}],"collection":[{"href":"https:\/\/www.fuldaernachrichten.de\/index.php?rest_route=\/wp\/v2\/posts"}],"about":[{"href":"https:\/\/www.fuldaernachrichten.de\/index.php?rest_route=\/wp\/v2\/types\/post"}],"author":[{"embeddable":true,"href":"https:\/\/www.fuldaernachrichten.de\/index.php?rest_route=\/wp\/v2\/users\/1"}],"replies":[{"embeddable":true,"href":"https:\/\/www.fuldaernachrichten.de\/index.php?rest_route=%2Fwp%2Fv2%2Fcomments&post=100926"}],"version-history":[{"count":1,"href":"https:\/\/www.fuldaernachrichten.de\/index.php?rest_route=\/wp\/v2\/posts\/100926\/revisions"}],"predecessor-version":[{"id":100931,"href":"https:\/\/www.fuldaernachrichten.de\/index.php?rest_route=\/wp\/v2\/posts\/100926\/revisions\/100931"}],"wp:attachment":[{"href":"https:\/\/www.fuldaernachrichten.de\/index.php?rest_route=%2Fwp%2Fv2%2Fmedia&parent=100926"}],"wp:term":[{"taxonomy":"category","embeddable":true,"href":"https:\/\/www.fuldaernachrichten.de\/index.php?rest_route=%2Fwp%2Fv2%2Fcategories&post=100926"},{"taxonomy":"post_tag","embeddable":true,"href":"https:\/\/www.fuldaernachrichten.de\/index.php?rest_route=%2Fwp%2Fv2%2Ftags&post=100926"}],"curies":[{"name":"wp","href":"https:\/\/api.w.org\/{rel}","templated":true}]}}