{"id":100905,"date":"2012-08-14T00:15:43","date_gmt":"2012-08-14T00:15:43","guid":{"rendered":"http:\/\/www.fuldaer-nachrichten.de\/?p=100905"},"modified":"2012-08-14T08:11:01","modified_gmt":"2012-08-14T08:11:01","slug":"hessen-fordert-die-ansiedlung-von-arztinnen-und-arzten-im-landlichen-raum-bewerbungsfrist-lauft-bis-30-september","status":"publish","type":"post","link":"https:\/\/www.fuldaernachrichten.de\/?p=100905","title":{"rendered":"Hessen f\u00f6rdert die Ansiedlung von \u00c4rztinnen und \u00c4rzten im l\u00e4ndlichen Raum &#8211; Bewerbungsfrist l\u00e4uft bis 30. September"},"content":{"rendered":"<p>Wiesbaden. Startschuss f\u00fcr die neue Ansiedlungsf\u00f6rderung von \u00c4rztinnen und \u00c4rzten im l\u00e4ndlichen Raum gegeben. Der Hessische Sozialminister Stefan Gr\u00fcttner unterzeichnete heute gemeinsam mit dem Vorstandsvorsitzenden der Kassen\u00e4rztlichen Vereinigung Hessen, Frank-R\u00fcdiger Zimmeck und der Bevollm\u00e4chtigten der hessischen Krankenkassen, Claudia Ackermann (Leiterin der vdek-Landesvertretung Hessen), eine entsprechende Zusatzvereinbarung zum \u201eHessischen Pakt zur Sicherstellung der gesundheitlichen Versorgung f\u00fcr die Jahre 2012 bis 2014\u201c.<!--more--><br \/>\nSozialminister Gr\u00fcttner fordert interessierte \u00c4rztinnen und \u00c4rzte auf, bis zum 30. September 2012 F\u00f6rderantr\u00e4ge bei der Kassen\u00e4rztlichen Vereinigung Hessen zu stellen. \u201eMit ihrem regionalen Engagement k\u00f6nnen die \u00c4rztinnen und \u00c4rzte dazu beitragen, die gesundheitliche Versorgung langfristig zu sichern, dem demographischen Wandel entgegen zu treten und den Menschen vor Ort eine verl\u00e4ssliche Ansprechpartnerin beziehungsweise ein verl\u00e4sslicher Ansprechpartner in Gesundheitsfragen zu sein.\u201c Die Antr\u00e4ge k\u00f6nnen von \u00c4rztinnen und \u00c4rzten gestellt werden, die bereit sind, ihre Praxis f\u00fcr eine Zeit von mindestens f\u00fcnf Jahren in einem Gebiet mit regionalem Versorgungsbedarf zu f\u00fchren. Gr\u00fcttner k\u00fcndigte an, dass f\u00fcr den Zeitraum 2012 bis 2014 insgesamt 1,8 Millionen Euro zur Verf\u00fcgung st\u00fcnden, die jeweils zu einem Drittel von der Kassen\u00e4rztlichen Vereinigung Hessen, den hessischen Krankenkassen und dem Land Hessen getragen werden. Die einzelne Arztpraxis k\u00f6nnte mit bis zu 50.000 Euro gef\u00f6rdert werden.<\/p>\n<p>Hessen verf\u00fcge derzeit \u00fcber eine gute \u00e4rztliche Versorgung, unterstrich Sozialminister Gr\u00fcttner. \u201eIn manchen l\u00e4ndlichen Regionen bestehen jedoch schon heute Schwierigkeiten, Arztpraxen wiederzubesetzen. K\u00fcnftig wird sich diese Entwicklung aufgrund des demographischen Wandels verst\u00e4rken\u201c, prognostizierte der Minister. Daher werden die Paktpartner bei der Ansiedlungsf\u00f6rderung vor allem die \u00fcberwiegend l\u00e4ndlich strukturierten Landkreise im Blick haben. Gef\u00f6rdert werden darin Regionen mit einem besonderen Versorgungsbedarf. Dieser ergibt sich aus einer Auswertung von unterschiedlichen Indikatoren, die die Versorgungssituation vor Ort beschreiben \u2013 wie eine geringe Arztdichte oder eine hohe Altersstruktur in den Gemeinden. F\u00f6rderf\u00e4hige Regionen sind demnach beispielsweise der Vogelsbergkreis, der Landkreis Waldeck-Frankenberg, der Werra-Mei\u00dfner-Kreis, der Landkreis Hersfeld-Rotenburg, der Schwalm-Eder-Kreis, der Odenwaldkreis und der Landkreis Fulda.<\/p>\n<p>\u201eEs ist gut, dass die konkrete F\u00f6rderung bald beginnt. Die Unterzeichnung der Zusatzvereinbarung zeigt, dass die Partner des Hessischen Pakts das Problem \u00e2\u20ac\u0161\u00c4rztemangel\u00e2\u20ac\u2122 ernst nehmen und angehen. Schaut man sich in der Republik um, gibt es diverse F\u00f6rderprogramme f\u00fcr \u00c4rzte, die finanziell jeweils unterschiedlich ausgestattet sind. Hessen darf nicht den Anschluss verpassen und ist mit dem Pakt nun gut aufgestellt\u201c, betonte der Vorstandsvorsitzende der KV Hessen, Frank-R\u00fcdiger Zimmeck.<\/p>\n<p>\u201eDie Vertreter der gesetzlichen Krankenkassen sind ebenso wie der Hessische Sozialminister der Auffassung, dass Hessen \u00fcber eine gute \u00e4rztliche Versorgung verf\u00fcgt. Die hessischen Krankenkassen unterst\u00fctzen gleichwohl weiterhin die Bem\u00fchungen des Sozialministeriums, im Rahmen des Hessischen Gesundheitspaktes pr\u00e4ventive Ma\u00dfnahmen zu ergreifen, und haben sich deshalb intensiv an der Erarbeitung der Kriterien zur Ansiedlungsf\u00f6rderung von \u00c4rztinnen und \u00c4rzten beteiligt. Die in der heute zu unterzeichnenden Zusatzvereinbarung festgelegten Rahmenbedingungen werden deshalb ausdr\u00fccklich begr\u00fc\u00dft\u201c, sagte Claudia Ackermann, Leiterin der vdek-Landesvertretung Hessen, f\u00fcr die gesetzlichen Krankenkassen in Hessen.<\/p>\n<p>Sozialminister Gr\u00fcttner riet allen interessierten \u00c4rztinnen und \u00c4rzte, sich vor ihrem Antrag auf Zulassung bei der Niederlassungsberatung der Kassen\u00e4rztlichen Vereinigung Hessen zu informieren, um dort einen F\u00f6rderantrag zu stellen. Die Antragsfrist f\u00fcr die F\u00f6rdermittel 2012 endet am 30. September 2012. Um das Verfahren so unb\u00fcrokratisch wie m\u00f6glich zu halten, haben die Beteiligten einen gemeinsamen Beirat gebildet, der im Herbst \u00fcber die F\u00f6rderantr\u00e4ge entscheiden wird. Die F\u00f6rdermittel dienen zur Finanzierung des Kaufpreises f\u00fcr die zu \u00fcbernehmende Praxis und einer neuen Praxiseinrichtung. N\u00e4here Informationen stehen auf der Internetseite der Kassen\u00e4rztlichen Vereinigung Hessen zur Verf\u00fcgung: www.kvhessen.de\/Hessenpakt. Der Hessische Gesundheitspakt, die Zusatzvereinbarung sowie das Antragsformular stehen au\u00dferdem auf der Internetseite des Hessischen Sozialministeriums zur Verf\u00fcgung: www.hsm.hessen.de (Startseite, rechte Spalte, \u201eSicherstellung der gesundheitlichen Versorgung\u201c).<\/p>\n<p><strong>Hintergrundinformationen Hessischer Pakt:<\/strong><\/p>\n<p>Der \u201eHessische Pakt zur Sicherstellung der gesundheitlichen Versorgung f\u00fcr die Jahre 2012 bis 2014\u201c umfasst neben der Ansiedlungsf\u00f6rderung folgende wesentliche Punkte:<\/p>\n<ul>\n<li>Koordinierungsstelle und Kompetenzzentrum f\u00fcr die Ausbildung von \u00c4rztinnen und \u00c4rzten: Bei der Ausbildung von \u00c4rztinnen und \u00c4rzten soll zuk\u00fcnftig die Allgemeinmedizin gest\u00e4rkt werden, um Studierende vermehrt f\u00fcr eine T\u00e4tigkeit in der haus\u00e4rztlichen Versorgung zu motivieren. Zudem soll der ambulante Versorgungsbereich st\u00e4rker als bisher in die \u00e4rztliche Ausbildung einbezogen werden. Den angehenden Medizinern soll erm\u00f6glicht werden, ihr Praktisches Jahr \u00fcber die jeweilige Universit\u00e4tsklinik und den ihr zugeordneten Lehrkrankenh\u00e4usern hinaus in m\u00f6glichst vielen geeigneten Krankenh\u00e4usern und Praxen zu absolvieren. Ferner hat die Kassen\u00e4rztliche Vereinigung Hessen eine Koordinierungsstelle und die Universit\u00e4ten Frankfurt und Marburg jeweils ein \u201eKompetenzzentrum Allgemeinmedizin\u201c eingerichtet. Das Land Hessen f\u00f6rdert den Aufbau der beiden Kompetenzzentren mit j\u00e4hrlich insgesamt 150.000 Euro.<\/li>\n<li>Webbasiertes Informationsangebot f\u00fcr angehende Haus\u00e4rztinnen und Haus\u00e4rzte: Zum Abbau von Zugangsh\u00fcrden und Information \u00fcber eine haus\u00e4rztliche T\u00e4tigkeit wird ein zentrales Internetportal geschaffen. Zur besseren Darstellung s\u00e4mtlicher F\u00f6rder- und Unterst\u00fctzungsma\u00dfnahmen wird das Land Hessen die bestehenden Informationsangebote auf dieser Plattform b\u00fcndeln und mit vorhandenen Internetseiten vernetzen. Das Portal wird voraussichtlich im Herbst 2012 an den Start gehen.<\/li>\n<li>F\u00f6rderung und St\u00e4rkung ehrenamtlicher Pendel- und Begleitdienste: Gemeinsam mit den kommunalen Spitzenverb\u00e4nden hat sich das Land Hessen darauf verst\u00e4ndigt, Qualifizierungsma\u00dfnahmen f\u00fcr Personen anzubieten, die einen Mobilit\u00e4tsdienst gr\u00fcnden und aufbauen wollen. Zudem sollen die Mobilit\u00e4tsdienste durch die Kommunen in Abstimmung mit der \u00c4rzteschaft Hilfestellung bei der Terminvergabe und Einteilung der verf\u00fcgbaren Fahrer erhalten. Ziel ist es, die Lebensqualit\u00e4t und die selbstbestimmte Mobilit\u00e4t von Seniorinnen und Senioren weiter zu verbessern.<\/li>\n<\/ul>\n<p>&nbsp;<\/p>\n","protected":false},"excerpt":{"rendered":"<div class=\"tmnf_excerpt\"><p>Wiesbaden. Startschuss f\u00fcr die neue Ansiedlungsf\u00f6rderung von \u00c4rztinnen und \u00c4rzten im l\u00e4ndlichen Raum gegeben. Der Hessische Sozialminister Stefan Gr\u00fcttner unterzeichnete heute gemeinsam mit dem Vorstandsvorsitzenden der Kassen\u00e4rztlichen Vereinigung Hessen, Frank-R\u00fcdiger Zimmeck und der Bevollm\u00e4chtigten der hessischen Krankenkassen, Claudia Ackermann (Leiterin der vdek-Landesvertretung Hessen), eine entsprechende Zusatzvereinbarung zum \u201eHessischen Pakt zur Sicherstellung der gesundheitlichen Versorgung f\u00fcr &hellip;<\/p>\n<\/div>","protected":false},"author":1,"featured_media":0,"comment_status":"closed","ping_status":"closed","sticky":false,"template":"","format":"standard","meta":{"footnotes":""},"categories":[1,51],"tags":[],"class_list":["post-100905","post","type-post","status-publish","format-standard","hentry","category-startseite","category-medizin"],"_links":{"self":[{"href":"https:\/\/www.fuldaernachrichten.de\/index.php?rest_route=\/wp\/v2\/posts\/100905","targetHints":{"allow":["GET"]}}],"collection":[{"href":"https:\/\/www.fuldaernachrichten.de\/index.php?rest_route=\/wp\/v2\/posts"}],"about":[{"href":"https:\/\/www.fuldaernachrichten.de\/index.php?rest_route=\/wp\/v2\/types\/post"}],"author":[{"embeddable":true,"href":"https:\/\/www.fuldaernachrichten.de\/index.php?rest_route=\/wp\/v2\/users\/1"}],"replies":[{"embeddable":true,"href":"https:\/\/www.fuldaernachrichten.de\/index.php?rest_route=%2Fwp%2Fv2%2Fcomments&post=100905"}],"version-history":[{"count":1,"href":"https:\/\/www.fuldaernachrichten.de\/index.php?rest_route=\/wp\/v2\/posts\/100905\/revisions"}],"predecessor-version":[{"id":100906,"href":"https:\/\/www.fuldaernachrichten.de\/index.php?rest_route=\/wp\/v2\/posts\/100905\/revisions\/100906"}],"wp:attachment":[{"href":"https:\/\/www.fuldaernachrichten.de\/index.php?rest_route=%2Fwp%2Fv2%2Fmedia&parent=100905"}],"wp:term":[{"taxonomy":"category","embeddable":true,"href":"https:\/\/www.fuldaernachrichten.de\/index.php?rest_route=%2Fwp%2Fv2%2Fcategories&post=100905"},{"taxonomy":"post_tag","embeddable":true,"href":"https:\/\/www.fuldaernachrichten.de\/index.php?rest_route=%2Fwp%2Fv2%2Ftags&post=100905"}],"curies":[{"name":"wp","href":"https:\/\/api.w.org\/{rel}","templated":true}]}}