{"id":100900,"date":"2012-08-14T00:12:53","date_gmt":"2012-08-14T00:12:53","guid":{"rendered":"http:\/\/www.fuldaer-nachrichten.de\/?p=100900"},"modified":"2012-08-14T08:09:09","modified_gmt":"2012-08-14T08:09:09","slug":"seifenkistenrennen-in-hunfeld-zwolf-teams-waren-am-start","status":"publish","type":"post","link":"https:\/\/www.fuldaernachrichten.de\/?p=100900","title":{"rendered":"Seifenkistenrennen in H\u00fcnfeld &#8211; Zw\u00f6lf Teams waren am Start"},"content":{"rendered":"<p><a href=\"http:\/\/www.fuldaer-nachrichten.de\/wp-content\/uploads\/2012\/08\/IMG_7323.jpg\"><img decoding=\"async\" class=\"alignleft size-thumbnail wp-image-100903\" title=\"IMG_7323\" src=\"http:\/\/www.fuldaer-nachrichten.de\/wp-content\/uploads\/2012\/08\/IMG_7323-265x176.jpg\" alt=\"\" width=\"265\" height=\"176\" srcset=\"https:\/\/www.fuldaernachrichten.de\/wp-content\/uploads\/2012\/08\/IMG_7323-265x176.jpg 265w, https:\/\/www.fuldaernachrichten.de\/wp-content\/uploads\/2012\/08\/IMG_7323.jpg 600w\" sizes=\"(max-width: 265px) 100vw, 265px\" \/><\/a>H\u00fcnfeld. Bei strahlendem Sonnenschein startete am Sonntag, den 12. August am St. Bonifatiuskloster in H\u00fcnfeld das Seifenkistenrennen, das vom OMI-Jugendb\u00fcro organisiert worden war. Zw\u00f6lf Teams waren mit je einer selbstgebauten Seifenkiste am Start. Insgesamt beteiligten sich \u00fcber 80 Kinder und Jugendliche in den einzelnen Teams am Bau und der Gestaltung der Seifenkiste, sowie am Rennen selbst. Nach einem Familiengottesdienst in der Klosterkirche, begann der Tag mit der Er\u00f6ffnungsfahrt von Superior P. Martin Wolf OMI und Herrn Stadtrat Theo Fl\u00fcgel, der in Vertretung von B\u00fcrgermeister und Schirmherr der Veranstaltung Dr. Eberhardt Fennel an diesem Tag zugegen war, in der Seifenkiste der OMI-Jugend. Danach starteten die Seifenkisten der einzelnen Teams zum Zeitfahren. Vorne lagen mit 19,4 Sekunden die Messdiener aus Haselstein, auf dem zweiten Platz die Messdiener aus St. Ulrich mit 19,5 Sekunden, den dritten Platz teilten sich die Messdiener aus Hofaschenbach und aus Sargenzell mit je 19,8 Sekunden.<!--more--><\/p>\n<p>Besonders ausgezeichnet wurden au\u00dferdem die Seifenkisten der Messdiener aus St. Jakobus f\u00fcr die beste Idee. Die Kiste war mit vielen Details als Piratenschiff gestaltet. Daneben bekamen die Messdiener aus Gro\u00dfenbach einen Preis f\u00fcr die perfekteste Seifenkiste, sie waren mit der \u201ewilden Kuh Antonia\u201c am Start. Den besten Showeffekt lieferte die Seifenkiste der THW-Jugend, die mit Blaulicht und Martinshorn ausger\u00fcstet war.<\/p>\n<p><a href=\"http:\/\/www.fuldaer-nachrichten.de\/wp-content\/uploads\/2012\/08\/IMG_7308.jpg\"><img decoding=\"async\" class=\"alignnone size-thumbnail wp-image-100904\" title=\"IMG_7308\" src=\"http:\/\/www.fuldaer-nachrichten.de\/wp-content\/uploads\/2012\/08\/IMG_7308-265x176.jpg\" alt=\"\" width=\"265\" height=\"176\" srcset=\"https:\/\/www.fuldaernachrichten.de\/wp-content\/uploads\/2012\/08\/IMG_7308-265x176.jpg 265w, https:\/\/www.fuldaernachrichten.de\/wp-content\/uploads\/2012\/08\/IMG_7308.jpg 600w\" sizes=\"(max-width: 265px) 100vw, 265px\" \/><\/a> <a href=\"http:\/\/www.fuldaer-nachrichten.de\/wp-content\/uploads\/2012\/08\/IMG_7333.jpg\"><img decoding=\"async\" class=\"alignnone size-thumbnail wp-image-100902\" title=\"IMG_7333\" src=\"http:\/\/www.fuldaer-nachrichten.de\/wp-content\/uploads\/2012\/08\/IMG_7333-265x176.jpg\" alt=\"\" width=\"265\" height=\"176\" srcset=\"https:\/\/www.fuldaernachrichten.de\/wp-content\/uploads\/2012\/08\/IMG_7333-265x176.jpg 265w, https:\/\/www.fuldaernachrichten.de\/wp-content\/uploads\/2012\/08\/IMG_7333.jpg 600w\" sizes=\"(max-width: 265px) 100vw, 265px\" \/><\/a><\/p>\n<p>Aber auch die \u00fcbrigen Teams hatten viel Spa\u00df und wurden bei der Siegerehrung ebenfalls geehrt, ob die regenbogenfarbene Seifenkiste der Pfadfinder, die alte Socke der OMI-Jugend oder die Badewanne der Klostermessdiener. Etwas Pech war bei den Messdienern des Ulrichsheims im Spiel, die aufgrund eines Achsbruchs nicht bis zum Ende fahren konnten. Ebenfalls ungl\u00fccklich war ein Sturz der Messdiener aus Rossbach. Beide Teams erhielten aber ebenfalls einen besonderen Pokal, die Rossbacher Messdiener von gar einen Eisgutschein, der von B\u00fcrgermeister Dr. Fennel ausgegeben wird.<\/p>\n<p><a href=\"http:\/\/www.fuldaer-nachrichten.de\/wp-content\/uploads\/2012\/08\/IMG_7326.jpg\"><img loading=\"lazy\" decoding=\"async\" class=\"alignleft size-thumbnail wp-image-100901\" title=\"IMG_7326\" src=\"http:\/\/www.fuldaer-nachrichten.de\/wp-content\/uploads\/2012\/08\/IMG_7326-265x176.jpg\" alt=\"\" width=\"265\" height=\"176\" srcset=\"https:\/\/www.fuldaernachrichten.de\/wp-content\/uploads\/2012\/08\/IMG_7326-265x176.jpg 265w, https:\/\/www.fuldaernachrichten.de\/wp-content\/uploads\/2012\/08\/IMG_7326.jpg 600w\" sizes=\"(max-width: 265px) 100vw, 265px\" \/><\/a>\u201eEs war ein gelungener Tag\u201c, so Superior P. Martin Wolf, \u201edie Freude und das Gemeinschaftsgef\u00fchl waren sp\u00fcrbar gro\u00df. M\u00f6glich war das allerdings nur dank der vielen Ehrenamtlichen Helfer\u201c. Diese waren in einem eigenen Organisationsteam schon seit Monaten mit der Planung besch\u00e4ftigt und au\u00dferdem auch am Tag selbst mit vielen helfenden H\u00e4nden vor Ort. Der Erl\u00f6s des Tages flie\u00dft in ein missionarisches Projekt der Oblaten in der Ukraine, wo die Ordensgemeinschaft ein kirchliches Jugendzentrum aufbauen m\u00f6chte.<\/p>\n","protected":false},"excerpt":{"rendered":"<div class=\"tmnf_excerpt\"><p>H\u00fcnfeld. Bei strahlendem Sonnenschein startete am Sonntag, den 12. August am St. Bonifatiuskloster in H\u00fcnfeld das Seifenkistenrennen, das vom OMI-Jugendb\u00fcro organisiert worden war. Zw\u00f6lf Teams waren mit je einer selbstgebauten Seifenkiste am Start. Insgesamt beteiligten sich \u00fcber 80 Kinder und Jugendliche in den einzelnen Teams am Bau und der Gestaltung der Seifenkiste, sowie am Rennen &hellip;<\/p>\n<\/div>","protected":false},"author":1,"featured_media":0,"comment_status":"closed","ping_status":"closed","sticky":false,"template":"","format":"standard","meta":{"footnotes":""},"categories":[1],"tags":[],"class_list":["post-100900","post","type-post","status-publish","format-standard","hentry","category-startseite"],"_links":{"self":[{"href":"https:\/\/www.fuldaernachrichten.de\/index.php?rest_route=\/wp\/v2\/posts\/100900","targetHints":{"allow":["GET"]}}],"collection":[{"href":"https:\/\/www.fuldaernachrichten.de\/index.php?rest_route=\/wp\/v2\/posts"}],"about":[{"href":"https:\/\/www.fuldaernachrichten.de\/index.php?rest_route=\/wp\/v2\/types\/post"}],"author":[{"embeddable":true,"href":"https:\/\/www.fuldaernachrichten.de\/index.php?rest_route=\/wp\/v2\/users\/1"}],"replies":[{"embeddable":true,"href":"https:\/\/www.fuldaernachrichten.de\/index.php?rest_route=%2Fwp%2Fv2%2Fcomments&post=100900"}],"version-history":[{"count":0,"href":"https:\/\/www.fuldaernachrichten.de\/index.php?rest_route=\/wp\/v2\/posts\/100900\/revisions"}],"wp:attachment":[{"href":"https:\/\/www.fuldaernachrichten.de\/index.php?rest_route=%2Fwp%2Fv2%2Fmedia&parent=100900"}],"wp:term":[{"taxonomy":"category","embeddable":true,"href":"https:\/\/www.fuldaernachrichten.de\/index.php?rest_route=%2Fwp%2Fv2%2Fcategories&post=100900"},{"taxonomy":"post_tag","embeddable":true,"href":"https:\/\/www.fuldaernachrichten.de\/index.php?rest_route=%2Fwp%2Fv2%2Ftags&post=100900"}],"curies":[{"name":"wp","href":"https:\/\/api.w.org\/{rel}","templated":true}]}}