{"id":100894,"date":"2012-08-14T00:13:29","date_gmt":"2012-08-14T00:13:29","guid":{"rendered":"http:\/\/www.fuldaer-nachrichten.de\/?p=100894"},"modified":"2012-08-14T07:53:10","modified_gmt":"2012-08-14T07:53:10","slug":"berufsbegleitende-weiterbildung-case-management-anmeldung-noch-bis-zum-24-august","status":"publish","type":"post","link":"https:\/\/www.fuldaernachrichten.de\/?p=100894","title":{"rendered":"Berufsbegleitende Weiterbildung Case Management &#8211; Anmeldung noch bis zum 24. August"},"content":{"rendered":"<p>Fulda. Am 21. September beginnt an der Hochschule Fulda erneut die berufsbegleitende Weiterbildung Case Management. Das Angebot richtet sich an Sozialarbeiter\/innen, Sozialp\u00e4dagogen und Sozialp\u00e4dagoginnen\u00c2\u00a0und andere in der Sozialen Beratung t\u00e4tige Berufsgruppen, die Unterst\u00fctzungsleistungen und Gesundheitsdienstleistungen in der Sozialen Arbeit, im Gesundheitswesen oder auch im Fallmanagement koordinieren und begleiten. Durch B\u00fcndelung von Versorgungsprozessen &#8220;aus einer Hand&#8221;\u00c2\u00a0 passen Case Manager\/innen vorhandene Angebote kompetent, passgenau und effektiv den Anforderungen Ihrer Klienten an und\u00c2\u00a0 bieten auch unter zunehmend komplexer werdenden Rahmenbedingungen professionelle Unterst\u00fctzung. Die Weiterbildung dauert sechs Monate. Sie ist nach den Richtlinien der Deutschen Gesellschaft f\u00fcr Care und Case Management (DGCC) anerkannt. Interessierte k\u00f6nnen sich kurzfristig noch bis 24. August \u00c2\u00a0anmelden. Zulassungsvoraussetzungen und weitere Informationen unter <a href=\"http:\/\/www.hs-fulda.de\/casemanagement\"><span style=\"text-decoration: underline;\">www.hs-fulda.de\/casemanagement<\/span><\/a><\/p>\n","protected":false},"excerpt":{"rendered":"<div class=\"tmnf_excerpt\"><p>Fulda. Am 21. September beginnt an der Hochschule Fulda erneut die berufsbegleitende Weiterbildung Case Management. Das Angebot richtet sich an Sozialarbeiter\/innen, Sozialp\u00e4dagogen und Sozialp\u00e4dagoginnen\u00c2\u00a0und andere in der Sozialen Beratung t\u00e4tige Berufsgruppen, die Unterst\u00fctzungsleistungen und Gesundheitsdienstleistungen in der Sozialen Arbeit, im Gesundheitswesen oder auch im Fallmanagement koordinieren und begleiten. Durch B\u00fcndelung von Versorgungsprozessen &#8220;aus einer Hand&#8221;\u00c2\u00a0 &hellip;<\/p>\n<\/div>","protected":false},"author":1,"featured_media":0,"comment_status":"closed","ping_status":"closed","sticky":false,"template":"","format":"standard","meta":{"footnotes":""},"categories":[1,53],"tags":[],"class_list":["post-100894","post","type-post","status-publish","format-standard","hentry","category-startseite","category-bildung"],"_links":{"self":[{"href":"https:\/\/www.fuldaernachrichten.de\/index.php?rest_route=\/wp\/v2\/posts\/100894","targetHints":{"allow":["GET"]}}],"collection":[{"href":"https:\/\/www.fuldaernachrichten.de\/index.php?rest_route=\/wp\/v2\/posts"}],"about":[{"href":"https:\/\/www.fuldaernachrichten.de\/index.php?rest_route=\/wp\/v2\/types\/post"}],"author":[{"embeddable":true,"href":"https:\/\/www.fuldaernachrichten.de\/index.php?rest_route=\/wp\/v2\/users\/1"}],"replies":[{"embeddable":true,"href":"https:\/\/www.fuldaernachrichten.de\/index.php?rest_route=%2Fwp%2Fv2%2Fcomments&post=100894"}],"version-history":[{"count":0,"href":"https:\/\/www.fuldaernachrichten.de\/index.php?rest_route=\/wp\/v2\/posts\/100894\/revisions"}],"wp:attachment":[{"href":"https:\/\/www.fuldaernachrichten.de\/index.php?rest_route=%2Fwp%2Fv2%2Fmedia&parent=100894"}],"wp:term":[{"taxonomy":"category","embeddable":true,"href":"https:\/\/www.fuldaernachrichten.de\/index.php?rest_route=%2Fwp%2Fv2%2Fcategories&post=100894"},{"taxonomy":"post_tag","embeddable":true,"href":"https:\/\/www.fuldaernachrichten.de\/index.php?rest_route=%2Fwp%2Fv2%2Ftags&post=100894"}],"curies":[{"name":"wp","href":"https:\/\/api.w.org\/{rel}","templated":true}]}}