{"id":100890,"date":"2012-08-14T00:12:59","date_gmt":"2012-08-14T00:12:59","guid":{"rendered":"http:\/\/www.fuldaer-nachrichten.de\/?p=100890"},"modified":"2012-08-14T07:48:56","modified_gmt":"2012-08-14T07:48:56","slug":"sommerliche-sternguckerwanderung-am-22-08-in-hofbieber","status":"publish","type":"post","link":"https:\/\/www.fuldaernachrichten.de\/?p=100890","title":{"rendered":"Sommerliche Sternguckerwanderung am 22.08. in Hofbieber"},"content":{"rendered":"<p>Hofbieber. Sommerliche Sternguckerwanderung am 22.08. um 22 Uhr rund um den Golfplatz in Hofbieber. Erkl\u00e4rt werden in der lauen Sommernacht himmelsmechanische Zusammenh\u00e4nge und das Auffinden der Hauptsternbilder am Nachthimmel. Dazu werden Geschichten rund um die Sterne, Planeten und Sternbilder erz\u00e4hlt. Ganz allm\u00e4hlich werden die ersten Sterne des Sommerdreiecks am Abendhimmel erkennbar, die Amseln singen ihre Abendlieder und die Luft ist sanft und mild. Langsam wird es dunkler, ein Stern nach dem anderen betritt die himmlische B\u00fchne und endlich \u00fcberzieht das schimmernde Band der Sommermilchstra\u00dfe den n\u00e4chtlichen Himmel. Einige letzten Sternschnuppen des Perseidenstromes sorgen f\u00fcr einen Ah-Effekt!<br \/>\nTreffpunkt Parkplatz Golfrestaurant &#8220;Panorama&#8221;\u00c2\u00a0 Hofbieber.\u00c2\u00a0 Kosten: 4 \u00e2\u201a\u00ac\/ 2 \u00e2\u201a\u00ac. Anmeldung und weitere Informationen: Tourist-Information Hofbieber, Tel.: 06657 987-412 oder direkt 0160 653 7171 und www.hofbieber.de \/ www.rh\u00f6ner-sternennacht.de<\/p>\n","protected":false},"excerpt":{"rendered":"<div class=\"tmnf_excerpt\"><p>Hofbieber. Sommerliche Sternguckerwanderung am 22.08. um 22 Uhr rund um den Golfplatz in Hofbieber. Erkl\u00e4rt werden in der lauen Sommernacht himmelsmechanische Zusammenh\u00e4nge und das Auffinden der Hauptsternbilder am Nachthimmel. Dazu werden Geschichten rund um die Sterne, Planeten und Sternbilder erz\u00e4hlt. Ganz allm\u00e4hlich werden die ersten Sterne des Sommerdreiecks am Abendhimmel erkennbar, die Amseln singen ihre &hellip;<\/p>\n<\/div>","protected":false},"author":1,"featured_media":0,"comment_status":"closed","ping_status":"closed","sticky":false,"template":"","format":"standard","meta":{"footnotes":""},"categories":[1,44],"tags":[],"class_list":["post-100890","post","type-post","status-publish","format-standard","hentry","category-startseite","category-kultur"],"_links":{"self":[{"href":"https:\/\/www.fuldaernachrichten.de\/index.php?rest_route=\/wp\/v2\/posts\/100890","targetHints":{"allow":["GET"]}}],"collection":[{"href":"https:\/\/www.fuldaernachrichten.de\/index.php?rest_route=\/wp\/v2\/posts"}],"about":[{"href":"https:\/\/www.fuldaernachrichten.de\/index.php?rest_route=\/wp\/v2\/types\/post"}],"author":[{"embeddable":true,"href":"https:\/\/www.fuldaernachrichten.de\/index.php?rest_route=\/wp\/v2\/users\/1"}],"replies":[{"embeddable":true,"href":"https:\/\/www.fuldaernachrichten.de\/index.php?rest_route=%2Fwp%2Fv2%2Fcomments&post=100890"}],"version-history":[{"count":0,"href":"https:\/\/www.fuldaernachrichten.de\/index.php?rest_route=\/wp\/v2\/posts\/100890\/revisions"}],"wp:attachment":[{"href":"https:\/\/www.fuldaernachrichten.de\/index.php?rest_route=%2Fwp%2Fv2%2Fmedia&parent=100890"}],"wp:term":[{"taxonomy":"category","embeddable":true,"href":"https:\/\/www.fuldaernachrichten.de\/index.php?rest_route=%2Fwp%2Fv2%2Fcategories&post=100890"},{"taxonomy":"post_tag","embeddable":true,"href":"https:\/\/www.fuldaernachrichten.de\/index.php?rest_route=%2Fwp%2Fv2%2Ftags&post=100890"}],"curies":[{"name":"wp","href":"https:\/\/api.w.org\/{rel}","templated":true}]}}