{"id":10088,"date":"2008-06-25T00:50:18","date_gmt":"2008-06-24T22:50:18","guid":{"rendered":"http:\/\/www.schoene-nachrichten.de\/?p=10088"},"modified":"2008-06-24T23:39:40","modified_gmt":"2008-06-24T21:39:40","slug":"kreis-und-kommune-investieren-in-bessere-ortsdurchfahrt","status":"publish","type":"post","link":"https:\/\/www.fuldaernachrichten.de\/?p=10088","title":{"rendered":"Kreis und Kommune investieren in bessere Ortsdurchfahrt"},"content":{"rendered":"<p><a rel=\"lightbox[roadtrip]\" href=\"http:\/\/www.schoene-nachrichten.de\/wp-content\/uploads\/2008\/06\/k250zahmen.jpg\" target=\"_blank\"><img decoding=\"async\" class=\"alignleft size-thumbnail wp-image-10099\" title=\"k250zahmen\" src=\"http:\/\/www.schoene-nachrichten.de\/wp-content\/uploads\/2008\/06\/k250zahmen-128x85.jpg\" alt=\"\" hspace=\"5\" width=\"128\" height=\"85\" align=\"left\" \/><\/a><strong>Vogelsbergkreis.<\/strong> Kreisstra\u00dfendezernent Heinz Gei\u00dfel und der Grebenhainer B\u00fcrgermeister Manfred Dickert starteten vor wenigen Tagen ein wichtiges gemeinsames Projekt im Ortsteil Zahmen: die Kreisstra\u00dfe 250 wird erneuert, und gleichzeitig werden Gehwege, Trink- und weitere Versorgungsleitungen erneuert. Der Kreis wendet 435.000 Euro auf, die Kommune zus\u00e4tzlich 390.000 Euro. Projektleiter Lothar D\u00f6ring und Hartmut Bieger vom Amt f\u00fcr Stra\u00dfen und Verkehrswesen in Schotten und der Grebenhainer Bauamtsleiter Markus Staubach erl\u00e4uterten den Politikern den geplanten Ablauf der Bauarbeiten.<!--more--><\/p>\n<p>Mit dem Neubau der 350 Meter langen Kreisstra\u00dfe 250 in der Ortsdurchfahrt Zahmen soll die Fahrbahn und die Gehwege den Erfordernissen und Anspr\u00fcchen der vorhandenen Verkehrsbelastungen gerecht werden. Ziel des Bauvorhabens ist es unter anderem, die Verkehrssicherheit zu erh\u00f6hen: es soll sowohl f\u00fcr Kraftfahrer, als auch f\u00fcr Radfahrer und Fu\u00dfg\u00e4nger \u00fcbersichtlicher werden. &#8220;Entflechtung der Verkehrsarten&#8221; nennen das die Experten. Insbesondere f\u00fcr die nicht motorisierten Verkehrsteilnehmer soll es deutlich sicherer werden, betonten Kreisbeigeordneter Heinz Gei\u00dfel und B\u00fcrgermeister Manfred Dickert \u00fcbereinstimmend. Gei\u00dfel  zeigte sich besonders erfreut dar\u00fcber, dass man den Auftrag an eine Firma aus dem Vogelsbergkreis habe vergeben k\u00f6nnen.<\/p>\n<p>Die Gesamtkosten f\u00fcr den Neubau der Stra\u00dfe bezifferte Kreisstra\u00dfendezernent Gei\u00dfel auf etwa 435.000 Euro. Das Land beteiligt sich an dieser Kreisinvestition mit einem 70-prozentigen Zuschuss. Der Gemeindeanteil f\u00fcr die Gehwege, die Trinkwasserleitung und sonstigen Versorgungsleitungen betr\u00e4gt ungef\u00e4hr 390.000 Euro. Als voraussichtliches Bauende ist Ende Oktober 2008 vorgesehen. B\u00fcrgermeister und Kreisstra\u00dfendezernent bitten die Anwohner und Verkehrsteilnehmer um Verst\u00e4ndnis f\u00fcr die Einschr\u00e4nkungen, die in den kommenden Monaten durch die Baustelle entstehen k\u00f6nnen.<\/p>\n<p><strong>Foto:<\/strong> Die Ortsdurchfahrt in Zahmen wird erneuert &#8211; unser Foto zeigt (von links): Lothar D\u00f6ring, Kreisstra\u00dfendezernent Heinz Gei\u00dfel, B\u00fcrgermeister Manfred Dickert, Markus Staubach, Hartmut Bieger und Dietmar Caspar. Foto: Vogelsbergkreis<\/p>\n","protected":false},"excerpt":{"rendered":"<div class=\"tmnf_excerpt\"><p>Vogelsbergkreis. Kreisstra\u00dfendezernent Heinz Gei\u00dfel und der Grebenhainer B\u00fcrgermeister Manfred Dickert starteten vor wenigen Tagen ein wichtiges gemeinsames Projekt im Ortsteil Zahmen: die Kreisstra\u00dfe 250 wird erneuert, und gleichzeitig werden Gehwege, Trink- und weitere Versorgungsleitungen erneuert. Der Kreis wendet 435.000 Euro auf, die Kommune zus\u00e4tzlich 390.000 Euro. Projektleiter Lothar D\u00f6ring und Hartmut Bieger vom Amt f\u00fcr &hellip;<\/p>\n<\/div>","protected":false},"author":1,"featured_media":0,"comment_status":"closed","ping_status":"closed","sticky":false,"template":"","format":"standard","meta":{"footnotes":""},"categories":[1,29],"tags":[],"class_list":["post-10088","post","type-post","status-publish","format-standard","hentry","category-startseite","category-politik"],"_links":{"self":[{"href":"https:\/\/www.fuldaernachrichten.de\/index.php?rest_route=\/wp\/v2\/posts\/10088","targetHints":{"allow":["GET"]}}],"collection":[{"href":"https:\/\/www.fuldaernachrichten.de\/index.php?rest_route=\/wp\/v2\/posts"}],"about":[{"href":"https:\/\/www.fuldaernachrichten.de\/index.php?rest_route=\/wp\/v2\/types\/post"}],"author":[{"embeddable":true,"href":"https:\/\/www.fuldaernachrichten.de\/index.php?rest_route=\/wp\/v2\/users\/1"}],"replies":[{"embeddable":true,"href":"https:\/\/www.fuldaernachrichten.de\/index.php?rest_route=%2Fwp%2Fv2%2Fcomments&post=10088"}],"version-history":[{"count":0,"href":"https:\/\/www.fuldaernachrichten.de\/index.php?rest_route=\/wp\/v2\/posts\/10088\/revisions"}],"wp:attachment":[{"href":"https:\/\/www.fuldaernachrichten.de\/index.php?rest_route=%2Fwp%2Fv2%2Fmedia&parent=10088"}],"wp:term":[{"taxonomy":"category","embeddable":true,"href":"https:\/\/www.fuldaernachrichten.de\/index.php?rest_route=%2Fwp%2Fv2%2Fcategories&post=10088"},{"taxonomy":"post_tag","embeddable":true,"href":"https:\/\/www.fuldaernachrichten.de\/index.php?rest_route=%2Fwp%2Fv2%2Ftags&post=10088"}],"curies":[{"name":"wp","href":"https:\/\/api.w.org\/{rel}","templated":true}]}}