{"id":100879,"date":"2012-08-14T00:08:09","date_gmt":"2012-08-14T00:08:09","guid":{"rendered":"http:\/\/www.fuldaer-nachrichten.de\/?p=100879"},"modified":"2012-08-14T07:42:37","modified_gmt":"2012-08-14T07:42:37","slug":"forstina-brunnenfest-am-26-august-ab-11-uhr-mit-umfangreichem-rahmenprogramm","status":"publish","type":"post","link":"https:\/\/www.fuldaernachrichten.de\/?p=100879","title":{"rendered":"F\u00f6rstina-Brunnenfest am 26. August ab 11 Uhr mit umfangreichem Rahmenprogramm"},"content":{"rendered":"<p><a href=\"http:\/\/www.fuldaer-nachrichten.de\/wp-content\/uploads\/2012\/08\/Brunnenfest_056.jpg\"><img fetchpriority=\"high\" decoding=\"async\" class=\"alignnone size-full wp-image-100881\" title=\"Brunnenfest_056\" src=\"http:\/\/www.fuldaer-nachrichten.de\/wp-content\/uploads\/2012\/08\/Brunnenfest_056.jpg\" alt=\"\" width=\"560\" height=\"374\" \/><\/a><\/p>\n<p><strong>Eichenzell-L\u00fctter. <\/strong>Der Eichenzeller Mineralbrunnen F\u00f6rstina Sprudel \u00f6ffnet wie jedes Jahr Ende August seine T\u00fcren und l\u00e4dt am Sonntag, 26. August von 11 bis 18 Uhr zum Brunnenfest ein.<strong> <\/strong>\u201eDas Brunnenfest ist ein Fest f\u00fcr die ganze Familie \u2013 egal ob jung oder alt, hier wird den Besuchern aller Generationen etwas geboten. Das Brunnenfest ist nach der Hochsaison im Sommer aber auch ein Dankesch\u00f6n an unsere Mitarbeiter, unsere Kunden und die Region\u201c, erkl\u00e4rt\u00c2\u00a0Doris Ehrhardt, Seniorchefin von F\u00f6rstina. Das diesj\u00e4hrige Rahmenprogramm ist wieder gewohnt umfangreich aufgestellt: Auf der gro\u00dfen B\u00fchne des F\u00f6rstina Show-Trucks werden unter anderem wieder die deutschen Meister 2012, die \u201eEichezeller Schreckschruwe\u201c, ihre Showt\u00e4nze auff\u00fchren.<!--more--><\/p>\n<p>\u201eRhythmus pur\u201c verspr\u00fcht die Showtanzgruppe Bahia Tropical mit ihren brasilianischen T\u00e4nzen, \u201eRodolfo Reyes und Terisa\u201c zeigen atemberaubende Balancekunst, und bei einer spannenden Xam-Trial-Bikeshow lassen Balance, Konzentration, Bike- und K\u00f6rperbeherrschung dem Publikum den Atem stocken. Die kleinen Besucher k\u00f6nnen sich in der \u201eSpa\u00dffabrik\u201c austoben, die Gr\u00f6\u00dferen sich \u00fcber aktuelle Outdoor-Sport-Trends bei der Fahrradwelt Seng und Mack Mountain Sport informieren, ihre Fitness vom Gesundheitszentrum M\u00fcnsterfeld checken lassen, und sich bei der Fliegerschule Wasserkuppe informieren. In einem eigenen Themenbereich k\u00f6nnen die Besucher in die faszinierende Welt der Mini-Trucks eintauchen. Die gro\u00dfe Tombola des Brunnenfests h\u00e4lt tolle Preise (Hauptpreise 1 bis 3: Eine Fahrt mit dem F\u00f6rstina Hei\u00dfluftballon) bereit, und die Erl\u00f6se gehen wie immer zu Gunsten eines guten Zwecks in der Region. F\u00fcr gute Unterhaltung sorgt von 11 bis 13 Uhr der Musikverein L\u00fctter mit z\u00fcnftiger Blasmusik.<\/p>\n<p>Der Tipp f\u00fcr Umweltbewusste: Bei Anreise mit der Rh\u00f6nbahn kann man direkt am F\u00f6rstina-Betriebsgel\u00e4nde aussteigen. Neben der guten Unterhaltung bietet das Brunnenfest den Besuchern nat\u00fcrlich auch Rh\u00f6ner Spezialit\u00e4ten von den Gastronomien Biohof Gensler (Poppenhausen), Rh\u00f6ner Backhaus, Landgasthof Imhof (Rommerz),\u00c2\u00a0Gasthof Roth (Kreuzberg), Zum schwarzen Ross (L\u00fctter) und Blaue Lagune (Welkers) zu gewohnt familienfreundlichen Preisen. Dabei sind alle F\u00f6rstina-Getr\u00e4nke wie immer kostenlos. \u201eMehrere tausend Besucher haben sich dieses Highlight in den vergangenen Jahren nicht entgehen lassen \u2013 ein Besuch lohnt sich auch in diesem Jahr\u201c, ist sich\u00c2\u00a0Doris Ehrhardt\u00c2\u00a0sicher.<\/p>\n\n\t\t<style>\n\t\t\t#gallery-1 {\n\t\t\t\tmargin: auto;\n\t\t\t}\n\t\t\t#gallery-1 .gallery-item {\n\t\t\t\tfloat: left;\n\t\t\t\tmargin-top: 10px;\n\t\t\t\ttext-align: center;\n\t\t\t\twidth: 50%;\n\t\t\t}\n\t\t\t#gallery-1 img {\n\t\t\t\tborder: 2px solid #cfcfcf;\n\t\t\t}\n\t\t\t#gallery-1 .gallery-caption {\n\t\t\t\tmargin-left: 0;\n\t\t\t}\n\t\t\t\/* see gallery_shortcode() in wp-includes\/media.php *\/\n\t\t<\/style>\n\t\t<div id='gallery-1' class='gallery galleryid-100879 gallery-columns-2 gallery-size-thumbnail'><dl class='gallery-item'>\n\t\t\t<dt class='gallery-icon landscape'>\n\t\t\t\t<a href='https:\/\/www.fuldaernachrichten.de\/wp-content\/uploads\/2012\/08\/Brunnenfest__3439.jpg'><img decoding=\"async\" width=\"150\" height=\"100\" src=\"https:\/\/www.fuldaernachrichten.de\/wp-content\/uploads\/2012\/08\/Brunnenfest__3439-265x176.jpg\" class=\"attachment-thumbnail size-thumbnail\" alt=\"\" srcset=\"https:\/\/www.fuldaernachrichten.de\/wp-content\/uploads\/2012\/08\/Brunnenfest__3439-265x176.jpg 265w, https:\/\/www.fuldaernachrichten.de\/wp-content\/uploads\/2012\/08\/Brunnenfest__3439.jpg 600w\" sizes=\"(max-width: 150px) 100vw, 150px\" \/><\/a>\n\t\t\t<\/dt><\/dl><dl class='gallery-item'>\n\t\t\t<dt class='gallery-icon landscape'>\n\t\t\t\t<a href='https:\/\/www.fuldaernachrichten.de\/wp-content\/uploads\/2012\/08\/Brunnenfest_056.jpg'><img decoding=\"async\" width=\"150\" height=\"103\" src=\"https:\/\/www.fuldaernachrichten.de\/wp-content\/uploads\/2012\/08\/Brunnenfest_056-265x182.jpg\" class=\"attachment-thumbnail size-thumbnail\" alt=\"\" srcset=\"https:\/\/www.fuldaernachrichten.de\/wp-content\/uploads\/2012\/08\/Brunnenfest_056-265x182.jpg 265w, https:\/\/www.fuldaernachrichten.de\/wp-content\/uploads\/2012\/08\/Brunnenfest_056.jpg 600w\" sizes=\"(max-width: 150px) 100vw, 150px\" \/><\/a>\n\t\t\t<\/dt><\/dl><br style=\"clear: both\" \/><dl class='gallery-item'>\n\t\t\t<dt class='gallery-icon landscape'>\n\t\t\t\t<a href='https:\/\/www.fuldaernachrichten.de\/wp-content\/uploads\/2012\/08\/Brunnenfest_0132.jpg'><img loading=\"lazy\" decoding=\"async\" width=\"150\" height=\"100\" src=\"https:\/\/www.fuldaernachrichten.de\/wp-content\/uploads\/2012\/08\/Brunnenfest_0132-265x176.jpg\" class=\"attachment-thumbnail size-thumbnail\" alt=\"\" srcset=\"https:\/\/www.fuldaernachrichten.de\/wp-content\/uploads\/2012\/08\/Brunnenfest_0132-265x176.jpg 265w, https:\/\/www.fuldaernachrichten.de\/wp-content\/uploads\/2012\/08\/Brunnenfest_0132.jpg 600w\" sizes=\"(max-width: 150px) 100vw, 150px\" \/><\/a>\n\t\t\t<\/dt><\/dl><dl class='gallery-item'>\n\t\t\t<dt class='gallery-icon landscape'>\n\t\t\t\t<a href='https:\/\/www.fuldaernachrichten.de\/wp-content\/uploads\/2012\/08\/Brunnenfest_0257.jpg'><img loading=\"lazy\" decoding=\"async\" width=\"150\" height=\"100\" src=\"https:\/\/www.fuldaernachrichten.de\/wp-content\/uploads\/2012\/08\/Brunnenfest_0257-265x176.jpg\" class=\"attachment-thumbnail size-thumbnail\" alt=\"\" srcset=\"https:\/\/www.fuldaernachrichten.de\/wp-content\/uploads\/2012\/08\/Brunnenfest_0257-265x176.jpg 265w, https:\/\/www.fuldaernachrichten.de\/wp-content\/uploads\/2012\/08\/Brunnenfest_0257.jpg 600w\" sizes=\"(max-width: 150px) 100vw, 150px\" \/><\/a>\n\t\t\t<\/dt><\/dl><br style=\"clear: both\" \/><dl class='gallery-item'>\n\t\t\t<dt class='gallery-icon landscape'>\n\t\t\t\t<a href='https:\/\/www.fuldaernachrichten.de\/wp-content\/uploads\/2012\/08\/Brunnenfest_0351.jpg'><img loading=\"lazy\" decoding=\"async\" width=\"150\" height=\"100\" src=\"https:\/\/www.fuldaernachrichten.de\/wp-content\/uploads\/2012\/08\/Brunnenfest_0351-265x176.jpg\" class=\"attachment-thumbnail size-thumbnail\" alt=\"\" srcset=\"https:\/\/www.fuldaernachrichten.de\/wp-content\/uploads\/2012\/08\/Brunnenfest_0351-265x176.jpg 265w, https:\/\/www.fuldaernachrichten.de\/wp-content\/uploads\/2012\/08\/Brunnenfest_0351.jpg 600w\" sizes=\"(max-width: 150px) 100vw, 150px\" \/><\/a>\n\t\t\t<\/dt><\/dl><dl class='gallery-item'>\n\t\t\t<dt class='gallery-icon landscape'>\n\t\t\t\t<a href='https:\/\/www.fuldaernachrichten.de\/wp-content\/uploads\/2012\/08\/Brunnenfest_0555.jpg'><img loading=\"lazy\" decoding=\"async\" width=\"150\" height=\"100\" src=\"https:\/\/www.fuldaernachrichten.de\/wp-content\/uploads\/2012\/08\/Brunnenfest_0555-265x176.jpg\" class=\"attachment-thumbnail size-thumbnail\" alt=\"\" srcset=\"https:\/\/www.fuldaernachrichten.de\/wp-content\/uploads\/2012\/08\/Brunnenfest_0555-265x176.jpg 265w, https:\/\/www.fuldaernachrichten.de\/wp-content\/uploads\/2012\/08\/Brunnenfest_0555.jpg 600w\" sizes=\"(max-width: 150px) 100vw, 150px\" \/><\/a>\n\t\t\t<\/dt><\/dl><br style=\"clear: both\" \/><dl class='gallery-item'>\n\t\t\t<dt class='gallery-icon landscape'>\n\t\t\t\t<a href='https:\/\/www.fuldaernachrichten.de\/wp-content\/uploads\/2012\/08\/Brunnenfest_3923.jpg'><img loading=\"lazy\" decoding=\"async\" width=\"150\" height=\"100\" src=\"https:\/\/www.fuldaernachrichten.de\/wp-content\/uploads\/2012\/08\/Brunnenfest_3923-265x176.jpg\" class=\"attachment-thumbnail size-thumbnail\" alt=\"\" srcset=\"https:\/\/www.fuldaernachrichten.de\/wp-content\/uploads\/2012\/08\/Brunnenfest_3923-265x176.jpg 265w, https:\/\/www.fuldaernachrichten.de\/wp-content\/uploads\/2012\/08\/Brunnenfest_3923.jpg 600w\" sizes=\"(max-width: 150px) 100vw, 150px\" \/><\/a>\n\t\t\t<\/dt><\/dl>\n\t\t\t<br style='clear: both' \/>\n\t\t<\/div>\n\n","protected":false},"excerpt":{"rendered":"<div class=\"tmnf_excerpt\"><p>Eichenzell-L\u00fctter. Der Eichenzeller Mineralbrunnen F\u00f6rstina Sprudel \u00f6ffnet wie jedes Jahr Ende August seine T\u00fcren und l\u00e4dt am Sonntag, 26. August von 11 bis 18 Uhr zum Brunnenfest ein. \u201eDas Brunnenfest ist ein Fest f\u00fcr die ganze Familie \u2013 egal ob jung oder alt, hier wird den Besuchern aller Generationen etwas geboten. Das Brunnenfest ist nach &hellip;<\/p>\n<\/div>","protected":false},"author":1,"featured_media":0,"comment_status":"closed","ping_status":"closed","sticky":false,"template":"","format":"standard","meta":{"footnotes":""},"categories":[1,44,78],"tags":[],"class_list":["post-100879","post","type-post","status-publish","format-standard","hentry","category-startseite","category-kultur","category-topthema"],"_links":{"self":[{"href":"https:\/\/www.fuldaernachrichten.de\/index.php?rest_route=\/wp\/v2\/posts\/100879","targetHints":{"allow":["GET"]}}],"collection":[{"href":"https:\/\/www.fuldaernachrichten.de\/index.php?rest_route=\/wp\/v2\/posts"}],"about":[{"href":"https:\/\/www.fuldaernachrichten.de\/index.php?rest_route=\/wp\/v2\/types\/post"}],"author":[{"embeddable":true,"href":"https:\/\/www.fuldaernachrichten.de\/index.php?rest_route=\/wp\/v2\/users\/1"}],"replies":[{"embeddable":true,"href":"https:\/\/www.fuldaernachrichten.de\/index.php?rest_route=%2Fwp%2Fv2%2Fcomments&post=100879"}],"version-history":[{"count":0,"href":"https:\/\/www.fuldaernachrichten.de\/index.php?rest_route=\/wp\/v2\/posts\/100879\/revisions"}],"wp:attachment":[{"href":"https:\/\/www.fuldaernachrichten.de\/index.php?rest_route=%2Fwp%2Fv2%2Fmedia&parent=100879"}],"wp:term":[{"taxonomy":"category","embeddable":true,"href":"https:\/\/www.fuldaernachrichten.de\/index.php?rest_route=%2Fwp%2Fv2%2Fcategories&post=100879"},{"taxonomy":"post_tag","embeddable":true,"href":"https:\/\/www.fuldaernachrichten.de\/index.php?rest_route=%2Fwp%2Fv2%2Ftags&post=100879"}],"curies":[{"name":"wp","href":"https:\/\/api.w.org\/{rel}","templated":true}]}}