{"id":100878,"date":"2012-08-14T00:10:36","date_gmt":"2012-08-14T00:10:36","guid":{"rendered":"http:\/\/www.fuldaer-nachrichten.de\/?p=100878"},"modified":"2012-08-14T07:39:00","modified_gmt":"2012-08-14T07:39:00","slug":"sprechzeiten-fur-kriegsopfer-7","status":"publish","type":"post","link":"https:\/\/www.fuldaernachrichten.de\/?p=100878","title":{"rendered":"Sprechzeiten f\u00fcr Kriegsopfer"},"content":{"rendered":"<p>Fulda. Aufgrund der positiven Resonanz haben Stadt, Landkreis Fulda und der Landeswohlfahrtsverband Hessen (LWV) in Kassel auch f\u00fcr das zweite Halbjahr 2012 Sprechzeiten vereinbart. \u00e2\u20ac\u00a8\u00e2\u20ac\u00a8Diese findet am 21. August 2012 wie bisher in der Zeit von 13.00 Uhr bis 15.00 Uhr im B\u00fcrgerb\u00fcro der Stadt Fulda statt. Antr\u00e4ge und Unterlagen sind weiterhin an den Landeswohlfahrtsverband Hessen, Hauptf\u00fcrsorgestelle, St\u00e4ndeplatz 6 \u2013 10, 34117 Kassel, zu \u00fcbersenden.<\/p>\n","protected":false},"excerpt":{"rendered":"<div class=\"tmnf_excerpt\"><p>Fulda. Aufgrund der positiven Resonanz haben Stadt, Landkreis Fulda und der Landeswohlfahrtsverband Hessen (LWV) in Kassel auch f\u00fcr das zweite Halbjahr 2012 Sprechzeiten vereinbart. \u00e2\u20ac\u00a8\u00e2\u20ac\u00a8Diese findet am 21. August 2012 wie bisher in der Zeit von 13.00 Uhr bis 15.00 Uhr im B\u00fcrgerb\u00fcro der Stadt Fulda statt. Antr\u00e4ge und Unterlagen sind weiterhin an den Landeswohlfahrtsverband &hellip;<\/p>\n<\/div>","protected":false},"author":1,"featured_media":0,"comment_status":"closed","ping_status":"closed","sticky":false,"template":"","format":"standard","meta":{"footnotes":""},"categories":[1],"tags":[],"class_list":["post-100878","post","type-post","status-publish","format-standard","hentry","category-startseite"],"_links":{"self":[{"href":"https:\/\/www.fuldaernachrichten.de\/index.php?rest_route=\/wp\/v2\/posts\/100878","targetHints":{"allow":["GET"]}}],"collection":[{"href":"https:\/\/www.fuldaernachrichten.de\/index.php?rest_route=\/wp\/v2\/posts"}],"about":[{"href":"https:\/\/www.fuldaernachrichten.de\/index.php?rest_route=\/wp\/v2\/types\/post"}],"author":[{"embeddable":true,"href":"https:\/\/www.fuldaernachrichten.de\/index.php?rest_route=\/wp\/v2\/users\/1"}],"replies":[{"embeddable":true,"href":"https:\/\/www.fuldaernachrichten.de\/index.php?rest_route=%2Fwp%2Fv2%2Fcomments&post=100878"}],"version-history":[{"count":0,"href":"https:\/\/www.fuldaernachrichten.de\/index.php?rest_route=\/wp\/v2\/posts\/100878\/revisions"}],"wp:attachment":[{"href":"https:\/\/www.fuldaernachrichten.de\/index.php?rest_route=%2Fwp%2Fv2%2Fmedia&parent=100878"}],"wp:term":[{"taxonomy":"category","embeddable":true,"href":"https:\/\/www.fuldaernachrichten.de\/index.php?rest_route=%2Fwp%2Fv2%2Fcategories&post=100878"},{"taxonomy":"post_tag","embeddable":true,"href":"https:\/\/www.fuldaernachrichten.de\/index.php?rest_route=%2Fwp%2Fv2%2Ftags&post=100878"}],"curies":[{"name":"wp","href":"https:\/\/api.w.org\/{rel}","templated":true}]}}