{"id":100876,"date":"2012-08-14T00:10:18","date_gmt":"2012-08-14T00:10:18","guid":{"rendered":"http:\/\/www.fuldaer-nachrichten.de\/?p=100876"},"modified":"2012-08-14T07:38:27","modified_gmt":"2012-08-14T07:38:27","slug":"jungenfreizeit-im-kreiszeltlager-am-eckmannshain-kreatives-freizeitangebot-fur-sieben-bis-neunjahrige","status":"publish","type":"post","link":"https:\/\/www.fuldaernachrichten.de\/?p=100876","title":{"rendered":"Jungenfreizeit im Kreiszeltlager am Eckmannshain &#8211; Kreatives Freizeitangebot f\u00fcr Sieben- bis Neunj\u00e4hrige"},"content":{"rendered":"<p><a href=\"http:\/\/www.fuldaer-nachrichten.de\/wp-content\/uploads\/2012\/08\/atte4cda.jpg\"><img fetchpriority=\"high\" decoding=\"async\" class=\"alignleft size-thumbnail wp-image-100877\" title=\"atte4cda\" src=\"http:\/\/www.fuldaer-nachrichten.de\/wp-content\/uploads\/2012\/08\/atte4cda-265x198.jpg\" alt=\"\" width=\"265\" height=\"198\" srcset=\"https:\/\/www.fuldaernachrichten.de\/wp-content\/uploads\/2012\/08\/atte4cda-265x198.jpg 265w, https:\/\/www.fuldaernachrichten.de\/wp-content\/uploads\/2012\/08\/atte4cda.jpg 400w\" sizes=\"(max-width: 265px) 100vw, 265px\" \/><\/a>Vogelsbergkreis. Erster Kreisbeigeordneter Peter Zielinski hat vor wenigen Tagen gemeinsam mit Sachgebietsleiterin Silvia Lucas das Kreiszeltlager am Eckmannshain besucht. Dort fand eine Freizeit statt, an der 23 Jungen im Alter von sieben bis neun Jahren teilnahmen. Der Jugenddezernent lie\u00df sich sowohl die p\u00e4dagogische Konzeption der Kreativ-Freizeit als auch die Abl\u00e4ufe und die Unterbringung im Zeltlager sowie seine Infrastruktur erl\u00e4utern. Natur pur, gutes Wetter, gute Laune, gute Ideen, viel Freude \u2013 das waren Markenzeichen der j\u00fcngsten Jugendamtsfreizeit.<!--more--><br \/>\nSilvia Lucas vom Jugendamt, ihre Kollegin Hannah M\u00fcller sowie die Teamleiter Erich Tag, Thilo Borchard, Adelbert Coman und Pascal Schneider stellten die Konzeption der geschlechtsspezifischen Freizeitma\u00dfnahme vor. Silvia Lucas betonte, dass die f\u00fcnft\u00e4gige Freizeit, an der ausschlie\u00dflich Jungen und m\u00e4nnliche Betreuer teilnehmen, f\u00fcr die Kinder ein ganz neues Erlebnis sei. \u201eDort k\u00f6nnen sie ihre St\u00e4rken ausloten, neue Erfahrungen sammeln, und den Wald und die Umgebung des Kreiszeltlagers Eckmannshain f\u00fcr abenteuerliche Aktivit\u00e4ten nutzen\u201c, berichtete Frau Lucas.<\/p>\n<p>Die n\u00e4chste Kinderfreizeit f\u00fcr Jungen und M\u00e4dchen im Alter von acht bis zehn Jahren findet vom 21. bis 26. Oktober im Kreisjugendheim Landenhausen statt. Informationen gibt es hier: Telefon 06641\/977-443 oder 977-428.<\/p>\n<p>Foto: Natur pur, sch\u00f6nes Wetter, gute Laune \u2013 Impressionen von der Jungenfreizeit am Eckmannshain bei Ulrichstein. Unser Foto zeigt die 23 Jungen gemeinsam mit (hinten, von rechts) Hannah M\u00fcller, Silvia Lucas und Erstem Kreisbeigeordneten Peter Zielinski und (hinten, von links) Pascal Schneider, Adelbert Coman, Thilo Borchard\u00c2\u00a0 und Erich Tag. Foto: Erich Ruhl, Pressestelle Vogelsbergkreis<\/p>\n","protected":false},"excerpt":{"rendered":"<div class=\"tmnf_excerpt\"><p>Vogelsbergkreis. Erster Kreisbeigeordneter Peter Zielinski hat vor wenigen Tagen gemeinsam mit Sachgebietsleiterin Silvia Lucas das Kreiszeltlager am Eckmannshain besucht. Dort fand eine Freizeit statt, an der 23 Jungen im Alter von sieben bis neun Jahren teilnahmen. Der Jugenddezernent lie\u00df sich sowohl die p\u00e4dagogische Konzeption der Kreativ-Freizeit als auch die Abl\u00e4ufe und die Unterbringung im Zeltlager &hellip;<\/p>\n<\/div>","protected":false},"author":1,"featured_media":0,"comment_status":"closed","ping_status":"closed","sticky":false,"template":"","format":"standard","meta":{"footnotes":""},"categories":[1],"tags":[],"class_list":["post-100876","post","type-post","status-publish","format-standard","hentry","category-startseite"],"_links":{"self":[{"href":"https:\/\/www.fuldaernachrichten.de\/index.php?rest_route=\/wp\/v2\/posts\/100876","targetHints":{"allow":["GET"]}}],"collection":[{"href":"https:\/\/www.fuldaernachrichten.de\/index.php?rest_route=\/wp\/v2\/posts"}],"about":[{"href":"https:\/\/www.fuldaernachrichten.de\/index.php?rest_route=\/wp\/v2\/types\/post"}],"author":[{"embeddable":true,"href":"https:\/\/www.fuldaernachrichten.de\/index.php?rest_route=\/wp\/v2\/users\/1"}],"replies":[{"embeddable":true,"href":"https:\/\/www.fuldaernachrichten.de\/index.php?rest_route=%2Fwp%2Fv2%2Fcomments&post=100876"}],"version-history":[{"count":0,"href":"https:\/\/www.fuldaernachrichten.de\/index.php?rest_route=\/wp\/v2\/posts\/100876\/revisions"}],"wp:attachment":[{"href":"https:\/\/www.fuldaernachrichten.de\/index.php?rest_route=%2Fwp%2Fv2%2Fmedia&parent=100876"}],"wp:term":[{"taxonomy":"category","embeddable":true,"href":"https:\/\/www.fuldaernachrichten.de\/index.php?rest_route=%2Fwp%2Fv2%2Fcategories&post=100876"},{"taxonomy":"post_tag","embeddable":true,"href":"https:\/\/www.fuldaernachrichten.de\/index.php?rest_route=%2Fwp%2Fv2%2Ftags&post=100876"}],"curies":[{"name":"wp","href":"https:\/\/api.w.org\/{rel}","templated":true}]}}