{"id":100873,"date":"2012-08-15T00:11:18","date_gmt":"2012-08-15T00:11:18","guid":{"rendered":"http:\/\/www.fuldaer-nachrichten.de\/?p=100873"},"modified":"2012-08-14T07:33:50","modified_gmt":"2012-08-14T07:33:50","slug":"aahh-cappella-mit-esprit-die-loreleyas-gastieren-am-19-august-in-tann","status":"publish","type":"post","link":"https:\/\/www.fuldaernachrichten.de\/?p=100873","title":{"rendered":"Aahh-cappella mit Esprit &#8211; Die Loreleyas gastieren am 19. August in Tann"},"content":{"rendered":"<p><a href=\"http:\/\/www.fuldaer-nachrichten.de\/wp-content\/uploads\/2012\/08\/2012-08-19-Loreleyas.jpg\"><img decoding=\"async\" class=\"alignleft size-thumbnail wp-image-100874\" title=\"2012-08-19 Loreleyas\" src=\"http:\/\/www.fuldaer-nachrichten.de\/wp-content\/uploads\/2012\/08\/2012-08-19-Loreleyas-265x176.jpg\" alt=\"\" width=\"265\" height=\"176\" srcset=\"https:\/\/www.fuldaernachrichten.de\/wp-content\/uploads\/2012\/08\/2012-08-19-Loreleyas-265x176.jpg 265w, https:\/\/www.fuldaernachrichten.de\/wp-content\/uploads\/2012\/08\/2012-08-19-Loreleyas.jpg 600w\" sizes=\"(max-width: 265px) 100vw, 265px\" \/><\/a>Tann.\u00c2\u00a0 \u201eMein kleiner gr\u00fcner Kaktus\u201c, \u201eYesterday\u00e2\u20ac\u009d oder \u201eFrom a distance\u00e2\u20ac\u009d &#8211; wer kennt sie nicht, die gro\u00dfen Hits der letzten Jahrzehnte? Das haben sich auch die Loreleyas gedacht. Denn die f\u00fcnf Damen interpretieren unter anderem Beatlessongs, aber auch Mozartlieder, Musik aus Afrika und dem Balkan und schrecken auch vor St\u00fccken aus den 20er und 30er Jahren des letzten Jahrhunderts nicht zur\u00fcck. Was sie anspricht, ber\u00fchrt oder am\u00fcsiert, wird musikalisch aufgegriffen und dann mit Spa\u00df und Esprit pr\u00e4sentiert. Dabei kommt Juliane Jorden der Part der musikalischen Dompteurin zu, au\u00dferdem gibt es einige Arrangements aus ihrer Feder. Am Sonntag, 19. August 2012, um 18 Uhr gastieren die fidelen Damen mit einem bunt gemischten Programm in der Tanner Stadtkirche. Der Eintritt betr\u00e4gt an der Abendkasse 11 Euro und 9 Euro erm\u00e4\u00dfigt, im Vorverkauf 10 Euro und 8 Euro erm\u00e4\u00dfigt. Familien (2 Erwachsene und Kinder) zahlen 20 Euro. Erm\u00f6glicht wird dieses unterhaltsame Konzert durch die freundliche Unterst\u00fctzung des Kultursommers Main-Kinzig-Fulda und des Kultur- und Geschichtsvereins Tann.<\/p>\n","protected":false},"excerpt":{"rendered":"<div class=\"tmnf_excerpt\"><p>Tann.\u00c2\u00a0 \u201eMein kleiner gr\u00fcner Kaktus\u201c, \u201eYesterday\u00e2\u20ac\u009d oder \u201eFrom a distance\u00e2\u20ac\u009d &#8211; wer kennt sie nicht, die gro\u00dfen Hits der letzten Jahrzehnte? Das haben sich auch die Loreleyas gedacht. Denn die f\u00fcnf Damen interpretieren unter anderem Beatlessongs, aber auch Mozartlieder, Musik aus Afrika und dem Balkan und schrecken auch vor St\u00fccken aus den 20er und 30er &hellip;<\/p>\n<\/div>","protected":false},"author":1,"featured_media":0,"comment_status":"closed","ping_status":"closed","sticky":false,"template":"","format":"standard","meta":{"footnotes":""},"categories":[1,44],"tags":[],"class_list":["post-100873","post","type-post","status-publish","format-standard","hentry","category-startseite","category-kultur"],"_links":{"self":[{"href":"https:\/\/www.fuldaernachrichten.de\/index.php?rest_route=\/wp\/v2\/posts\/100873","targetHints":{"allow":["GET"]}}],"collection":[{"href":"https:\/\/www.fuldaernachrichten.de\/index.php?rest_route=\/wp\/v2\/posts"}],"about":[{"href":"https:\/\/www.fuldaernachrichten.de\/index.php?rest_route=\/wp\/v2\/types\/post"}],"author":[{"embeddable":true,"href":"https:\/\/www.fuldaernachrichten.de\/index.php?rest_route=\/wp\/v2\/users\/1"}],"replies":[{"embeddable":true,"href":"https:\/\/www.fuldaernachrichten.de\/index.php?rest_route=%2Fwp%2Fv2%2Fcomments&post=100873"}],"version-history":[{"count":1,"href":"https:\/\/www.fuldaernachrichten.de\/index.php?rest_route=\/wp\/v2\/posts\/100873\/revisions"}],"predecessor-version":[{"id":100875,"href":"https:\/\/www.fuldaernachrichten.de\/index.php?rest_route=\/wp\/v2\/posts\/100873\/revisions\/100875"}],"wp:attachment":[{"href":"https:\/\/www.fuldaernachrichten.de\/index.php?rest_route=%2Fwp%2Fv2%2Fmedia&parent=100873"}],"wp:term":[{"taxonomy":"category","embeddable":true,"href":"https:\/\/www.fuldaernachrichten.de\/index.php?rest_route=%2Fwp%2Fv2%2Fcategories&post=100873"},{"taxonomy":"post_tag","embeddable":true,"href":"https:\/\/www.fuldaernachrichten.de\/index.php?rest_route=%2Fwp%2Fv2%2Ftags&post=100873"}],"curies":[{"name":"wp","href":"https:\/\/api.w.org\/{rel}","templated":true}]}}