{"id":100872,"date":"2012-08-14T00:11:05","date_gmt":"2012-08-14T00:11:05","guid":{"rendered":"http:\/\/www.fuldaer-nachrichten.de\/?p=100872"},"modified":"2012-08-14T07:29:55","modified_gmt":"2012-08-14T07:29:55","slug":"bunter-streifzug-durch-die-geschichte-der-kirchenmusik-am-19-august-in-tann","status":"publish","type":"post","link":"https:\/\/www.fuldaernachrichten.de\/?p=100872","title":{"rendered":"Bunter Streifzug durch die Geschichte der Kirchenmusik am 19. August in Tann"},"content":{"rendered":"<p>Tann. An den Sonntagen der Ferienmonate Juli und August finden jeweils um 11:00 Uhr \u2013 im Anschluss an den Gottesdienst \u2013 30min\u00fctige Mittagskonzerte in der Tanner Stadtkirche statt, in deren Mittelpunkt die Orgel steht: Organisten und Instrumentalisten aus der Region stellen in unterschiedlichster Besetzung die Vielfalt der Orgelmusik durch die Jahrhunderte vor. Anna Ziert (Orgel) und die Gruppe \u201eAllerlei\u201c (Poppenhausen) begeben sich am Sonntag, 19. August, um 11 Uhr auf einen bunten Streifzug durch die Geschichte der Kirchenmusik.<!--more--><\/p>\n<p>Die zehnk\u00f6pfige Gruppe \u201eAllerlei\u201c widmet sich in wechselnden Besetzungen dem modernen geistlichen Liedgut. Anna Ziert, die erst k\u00fcrzlich mit Bestnoten ihre Orgelpr\u00fcfung als nebenberufliche Organistin an der Kirchenmusikalischen Fortbildungsst\u00e4tte Schl\u00fcchtern abgelegt hat, pr\u00e4sentiert Johann Sebastian Bachs Praeludium und Fuge C-Dur \u00c2\u00a0BWV 547 sowie Werke von Gunther Martin G\u00f6ttsche. Die Matinee beginnt um 11:00 Uhr in der Tanner Stadtkirche. Der Eintritt ist frei, eine Kollekte am Ausgang kommt der Erhaltung der Stadtkirchenorgel zugute! Die Orgelmatineen werden durch die VR-Bank NordRh\u00f6n eG gef\u00f6rdert.<\/p>\n","protected":false},"excerpt":{"rendered":"<div class=\"tmnf_excerpt\"><p>Tann. An den Sonntagen der Ferienmonate Juli und August finden jeweils um 11:00 Uhr \u2013 im Anschluss an den Gottesdienst \u2013 30min\u00fctige Mittagskonzerte in der Tanner Stadtkirche statt, in deren Mittelpunkt die Orgel steht: Organisten und Instrumentalisten aus der Region stellen in unterschiedlichster Besetzung die Vielfalt der Orgelmusik durch die Jahrhunderte vor. Anna Ziert (Orgel) &hellip;<\/p>\n<\/div>","protected":false},"author":1,"featured_media":0,"comment_status":"closed","ping_status":"closed","sticky":false,"template":"","format":"standard","meta":{"footnotes":""},"categories":[1,44],"tags":[],"class_list":["post-100872","post","type-post","status-publish","format-standard","hentry","category-startseite","category-kultur"],"_links":{"self":[{"href":"https:\/\/www.fuldaernachrichten.de\/index.php?rest_route=\/wp\/v2\/posts\/100872","targetHints":{"allow":["GET"]}}],"collection":[{"href":"https:\/\/www.fuldaernachrichten.de\/index.php?rest_route=\/wp\/v2\/posts"}],"about":[{"href":"https:\/\/www.fuldaernachrichten.de\/index.php?rest_route=\/wp\/v2\/types\/post"}],"author":[{"embeddable":true,"href":"https:\/\/www.fuldaernachrichten.de\/index.php?rest_route=\/wp\/v2\/users\/1"}],"replies":[{"embeddable":true,"href":"https:\/\/www.fuldaernachrichten.de\/index.php?rest_route=%2Fwp%2Fv2%2Fcomments&post=100872"}],"version-history":[{"count":0,"href":"https:\/\/www.fuldaernachrichten.de\/index.php?rest_route=\/wp\/v2\/posts\/100872\/revisions"}],"wp:attachment":[{"href":"https:\/\/www.fuldaernachrichten.de\/index.php?rest_route=%2Fwp%2Fv2%2Fmedia&parent=100872"}],"wp:term":[{"taxonomy":"category","embeddable":true,"href":"https:\/\/www.fuldaernachrichten.de\/index.php?rest_route=%2Fwp%2Fv2%2Fcategories&post=100872"},{"taxonomy":"post_tag","embeddable":true,"href":"https:\/\/www.fuldaernachrichten.de\/index.php?rest_route=%2Fwp%2Fv2%2Ftags&post=100872"}],"curies":[{"name":"wp","href":"https:\/\/api.w.org\/{rel}","templated":true}]}}