{"id":100870,"date":"2012-08-14T00:11:42","date_gmt":"2012-08-14T00:11:42","guid":{"rendered":"http:\/\/www.fuldaer-nachrichten.de\/?p=100870"},"modified":"2012-08-14T07:28:40","modified_gmt":"2012-08-14T07:28:40","slug":"spas-in-die-budinger-geschichte-bringen-die-erlebnis-und-themenfuhrung-am-wochenende","status":"publish","type":"post","link":"https:\/\/www.fuldaernachrichten.de\/?p=100870","title":{"rendered":"Spa\u00df in die B\u00fcdinger Geschichte bringen die Erlebnis- und Themenf\u00fchrung am Wochenende"},"content":{"rendered":"<p><a href=\"http:\/\/www.fuldaer-nachrichten.de\/wp-content\/uploads\/2012\/08\/Klosterfrau-und-K\u00fcchengeist.jpg\"><img fetchpriority=\"high\" decoding=\"async\" class=\"alignleft size-thumbnail wp-image-100871\" title=\"Klosterfrau und K\u00fcchengeist\" src=\"http:\/\/www.fuldaer-nachrichten.de\/wp-content\/uploads\/2012\/08\/Klosterfrau-und-K\u00fcchengeist-265x198.jpg\" alt=\"\" width=\"265\" height=\"198\" \/><\/a>B\u00fcdingen. Am Samstag den 18. August startet um 16 Uhr am Marktplatz die Erlebnisf\u00fchrung \u201eKlosterfrau &amp; K\u00fcchengeist\u201c. Die Klosterfrau Katharina macht sich alle 14 Tage auf den Weg vom Herrnhaag nach B\u00fcdingen, um in der Stadt nach den Bed\u00fcrftigen zu schauen und ihrer Schwester, der K\u00f6chin des Grafen, frische Kr\u00e4uter aus dem Klostergarten zu bringen. Die Besucher begleiten die beiden unterschiedlichen Frauen durch die Gassen der Stadt und erfahren dabei einiges \u00fcber Moral, Sitte und Anstand im Jahre 1603.\u00c2\u00a0 Am Sonntag den 19. August l\u00e4dt die Tourist-Information zu einer Themenf\u00fchrung \u201eStaufer zum Staunen\u201c ein, mit dieser F\u00fchrung erinnert sich B\u00fcdingen seiner Anf\u00e4nge.<!--more--><\/p>\n<p>Die Ortsgr\u00fcndung B\u00fcdingens um 1170 war eine unmittelbare Folge der von den staufischen Kaisern betriebenen Reichslandsicherung. Zur Kette der Burgen, die damals zum Schutz der \u201eTerra imperii\u201c zwischen Main und n\u00f6rdlicher Wetterau entstanden, geh\u00f6rte nicht zuletzt das urspr\u00fcnglich als Wasserfestung angelegte B\u00fcdinger Schloss. Bis heute bewohnt, blieb der au\u00dfergew\u00f6hnliche Grundriss eines dreizehnseitigen Vielecks unver\u00e4ndert. Die Burg geh\u00f6rt zu den am besten erhaltenen Stauferbauten Deutschlands. Teile der aus f\u00fcnf Jahrhunderten stammenden Ausstattung mit ihren kostbaren Renaissance-Wandgem\u00e4lden k\u00f6nnen besichtigt werden. Au\u00dferdem erinnern Stadtf\u00fchrungen unter staufischen Vorzeichen daran, wie bedeutsam die Burg f\u00fcr die weitere Entwicklung B\u00fcdingens war.<\/p>\n<p>Die F\u00fchrung beginnt um 14:30 Uhr, Karten k\u00f6nnen bei der Tourist-Information, Marktplatz 9, 63654 B\u00fcdingen, Telefon: 06042-96370, <a href=\"mailto:info@buedingen-touristik.de\">info@buedingen-touristik.de<\/a> reserviert werden.<\/p>\n<p>&nbsp;<\/p>\n","protected":false},"excerpt":{"rendered":"<div class=\"tmnf_excerpt\"><p>B\u00fcdingen. Am Samstag den 18. August startet um 16 Uhr am Marktplatz die Erlebnisf\u00fchrung \u201eKlosterfrau &amp; K\u00fcchengeist\u201c. Die Klosterfrau Katharina macht sich alle 14 Tage auf den Weg vom Herrnhaag nach B\u00fcdingen, um in der Stadt nach den Bed\u00fcrftigen zu schauen und ihrer Schwester, der K\u00f6chin des Grafen, frische Kr\u00e4uter aus dem Klostergarten zu bringen. &hellip;<\/p>\n<\/div>","protected":false},"author":1,"featured_media":0,"comment_status":"closed","ping_status":"closed","sticky":false,"template":"","format":"standard","meta":{"footnotes":""},"categories":[1],"tags":[],"class_list":["post-100870","post","type-post","status-publish","format-standard","hentry","category-startseite"],"_links":{"self":[{"href":"https:\/\/www.fuldaernachrichten.de\/index.php?rest_route=\/wp\/v2\/posts\/100870","targetHints":{"allow":["GET"]}}],"collection":[{"href":"https:\/\/www.fuldaernachrichten.de\/index.php?rest_route=\/wp\/v2\/posts"}],"about":[{"href":"https:\/\/www.fuldaernachrichten.de\/index.php?rest_route=\/wp\/v2\/types\/post"}],"author":[{"embeddable":true,"href":"https:\/\/www.fuldaernachrichten.de\/index.php?rest_route=\/wp\/v2\/users\/1"}],"replies":[{"embeddable":true,"href":"https:\/\/www.fuldaernachrichten.de\/index.php?rest_route=%2Fwp%2Fv2%2Fcomments&post=100870"}],"version-history":[{"count":0,"href":"https:\/\/www.fuldaernachrichten.de\/index.php?rest_route=\/wp\/v2\/posts\/100870\/revisions"}],"wp:attachment":[{"href":"https:\/\/www.fuldaernachrichten.de\/index.php?rest_route=%2Fwp%2Fv2%2Fmedia&parent=100870"}],"wp:term":[{"taxonomy":"category","embeddable":true,"href":"https:\/\/www.fuldaernachrichten.de\/index.php?rest_route=%2Fwp%2Fv2%2Fcategories&post=100870"},{"taxonomy":"post_tag","embeddable":true,"href":"https:\/\/www.fuldaernachrichten.de\/index.php?rest_route=%2Fwp%2Fv2%2Ftags&post=100870"}],"curies":[{"name":"wp","href":"https:\/\/api.w.org\/{rel}","templated":true}]}}