{"id":100863,"date":"2012-08-13T00:10:33","date_gmt":"2012-08-13T00:10:33","guid":{"rendered":"http:\/\/www.fuldaer-nachrichten.de\/?p=100863"},"modified":"2012-08-13T06:49:01","modified_gmt":"2012-08-13T06:49:01","slug":"katholikenratsvorsitzender-ruft-zur-kandidatur-auf","status":"publish","type":"post","link":"https:\/\/www.fuldaernachrichten.de\/?p=100863","title":{"rendered":"Katholikenratsvorsitzender ruft zur Kandidatur auf"},"content":{"rendered":"<p><strong>Fulda, Geisa, Hanau, Marburg, Kassel (mz) <\/strong>Im Oktober wird das oberste Laiengremium des Bistums Fulda \u2013 der Katholikenrat \u2013 neu gew\u00e4hlt. Derzeit l\u00e4uft die Frist f\u00fcr die Pfarrgemeinder\u00e4te, Kandidaten zu benennen. \u201eIch rufe alle Pfarrgemeinder\u00e4te dazu auf, Kandidaten f\u00fcr dieses wichtige Gremium unseres Bistums zu benennen. Wir brauchen Frauen und M\u00e4nner, die als gew\u00e4hlte Repr\u00e4sentanten die Katholiken unseres Bistums innerhalb der Kirche und in der Gesellschaft vertreten\u201c, so Richard Pfeifer (Biebergem\u00fcnd-Kassel) am Montag in Fulda. Laut Satzung des Katholikenrates sind sowohl Pfarrgemeinder\u00e4te als auch Gruppen von Personen berechtigt, Kandidatinnen und Kandidaten f\u00fcr das oberste Laiengremium des Bistums zu benennen.<!--more--><\/p>\n<div>\n<p>Mit der Wahl, die am 7. Oktober 2012 stattfinden wird, sind die Katholiken aufgefordert, dass oberste synodale Vertretungsgremium der Laien des Bistums zu besetzen. Pro Pastoralverbund wird jeweils eine Frau oder ein Mann in den Katholikenrat gew\u00e4hlt.<\/p>\n<p>Die Kandidatenvorschl\u00e4ge m\u00fcssen bis zum 19. August 2012 beim Wahlausschuss eingehen, der \u00fcber den jeweiligen Moderator des Pastoralverbundes zu erreichen ist. \u201eDas Wahlverfahren sieht vor, dass die Kandidaten sich schriftlich den Pfarrgemeinder\u00e4ten vorstellen und auch Vorstellungsveranstaltungen in den Pastoralverb\u00fcnden angeboten werden. Vom 9. September bis zum 5. Oktober 2012 wird es dabei die M\u00f6glichkeit f\u00fcr Pfarrgemeinder\u00e4te geben, sich ein Bild \u00fcber die Kandidatinnen und Kandidaten zum neuen Katholikenrat zu machen. \u201eWir hoffen, wieder viele qualifizierte und sehr gut motivierte Pers\u00f6nlichkeiten in unserem Rat bei der konstituierenden Vollversammlung am 16.\/17. November 2012 in H\u00fcnfeld begr\u00fc\u00dfen zu d\u00fcrfen\u201c, so Richard Pfeifer abschlie\u00dfend.<\/p>\n<p>Fragen dazu beantwortet die Gesch\u00e4ftsstelle des Katholikenrats gerne. Sie ist unter 0661 87 467 oder <a href=\"mailto:katholikenrat@bistum-fulda.de\">katholikenrat@bistum-fulda.de<\/a> zu erreichen.<\/p>\n<\/div>\n","protected":false},"excerpt":{"rendered":"<div class=\"tmnf_excerpt\"><p>Fulda, Geisa, Hanau, Marburg, Kassel (mz) Im Oktober wird das oberste Laiengremium des Bistums Fulda \u2013 der Katholikenrat \u2013 neu gew\u00e4hlt. Derzeit l\u00e4uft die Frist f\u00fcr die Pfarrgemeinder\u00e4te, Kandidaten zu benennen. \u201eIch rufe alle Pfarrgemeinder\u00e4te dazu auf, Kandidaten f\u00fcr dieses wichtige Gremium unseres Bistums zu benennen. Wir brauchen Frauen und M\u00e4nner, die als gew\u00e4hlte Repr\u00e4sentanten &hellip;<\/p>\n<\/div>","protected":false},"author":1,"featured_media":0,"comment_status":"closed","ping_status":"closed","sticky":false,"template":"","format":"standard","meta":{"footnotes":""},"categories":[1,50],"tags":[],"class_list":["post-100863","post","type-post","status-publish","format-standard","hentry","category-startseite","category-kirche"],"_links":{"self":[{"href":"https:\/\/www.fuldaernachrichten.de\/index.php?rest_route=\/wp\/v2\/posts\/100863","targetHints":{"allow":["GET"]}}],"collection":[{"href":"https:\/\/www.fuldaernachrichten.de\/index.php?rest_route=\/wp\/v2\/posts"}],"about":[{"href":"https:\/\/www.fuldaernachrichten.de\/index.php?rest_route=\/wp\/v2\/types\/post"}],"author":[{"embeddable":true,"href":"https:\/\/www.fuldaernachrichten.de\/index.php?rest_route=\/wp\/v2\/users\/1"}],"replies":[{"embeddable":true,"href":"https:\/\/www.fuldaernachrichten.de\/index.php?rest_route=%2Fwp%2Fv2%2Fcomments&post=100863"}],"version-history":[{"count":1,"href":"https:\/\/www.fuldaernachrichten.de\/index.php?rest_route=\/wp\/v2\/posts\/100863\/revisions"}],"predecessor-version":[{"id":100864,"href":"https:\/\/www.fuldaernachrichten.de\/index.php?rest_route=\/wp\/v2\/posts\/100863\/revisions\/100864"}],"wp:attachment":[{"href":"https:\/\/www.fuldaernachrichten.de\/index.php?rest_route=%2Fwp%2Fv2%2Fmedia&parent=100863"}],"wp:term":[{"taxonomy":"category","embeddable":true,"href":"https:\/\/www.fuldaernachrichten.de\/index.php?rest_route=%2Fwp%2Fv2%2Fcategories&post=100863"},{"taxonomy":"post_tag","embeddable":true,"href":"https:\/\/www.fuldaernachrichten.de\/index.php?rest_route=%2Fwp%2Fv2%2Ftags&post=100863"}],"curies":[{"name":"wp","href":"https:\/\/api.w.org\/{rel}","templated":true}]}}