{"id":100861,"date":"2012-08-13T00:09:33","date_gmt":"2012-08-13T00:09:33","guid":{"rendered":"http:\/\/www.fuldaer-nachrichten.de\/?p=100861"},"modified":"2012-08-13T06:47:54","modified_gmt":"2012-08-13T06:47:54","slug":"erneute-befragung-auf-dem-hochrhoner-trend-geht-offenbar-hin-zu-tageswanderungen","status":"publish","type":"post","link":"https:\/\/www.fuldaernachrichten.de\/?p=100861","title":{"rendered":"Erneute Befragung auf dem HOCHRH\u00d6NER &#8211; Trend geht offenbar hin zu Tageswanderungen"},"content":{"rendered":"<p><a href=\"http:\/\/www.fuldaer-nachrichten.de\/wp-content\/uploads\/2012\/08\/befragung_hochrh\u00f6ner.jpg\"><img fetchpriority=\"high\" decoding=\"async\" class=\"alignnone size-full wp-image-100862\" title=\"befragung_hochrh\u00f6ner\" src=\"http:\/\/www.fuldaer-nachrichten.de\/wp-content\/uploads\/2012\/08\/befragung_hochrh\u00f6ner.jpg\" alt=\"\" width=\"560\" height=\"377\" \/><\/a><\/p>\n<p>Rh\u00f6n. Im Rahmen eines Projektes von EUROPARC Deutschland, der Dachorganisation der deutschen Biosph\u00e4renreservate, National- und Naturparke,\u00c2\u00a0 wurden gegen Ende der ersten Jahresh\u00e4lfte erneut Wanderer auf dem HOCHRH\u00d6NER befragt. Eine erste Befragung hatte es bereits im Herbst vergangenen Jahres gegeben. Ziel des Projekts von EUROPARC ist eine bessere Vernetzung zwischen den einzelnen Schutzgebieten, in der Rh\u00f6n betrifft das zum einen das Biosph\u00e4renreservat und zum anderen die beiden Naturparke in Hessen und Bayern. Die Besucherbefragung an ausgew\u00e4hlten Stellen des HOCHRH\u00d6NER soll dazu beitragen, die Qualit\u00e4t des Rh\u00f6ner Premiumwanderweges zu verbessern und Schwachstellen aufzudecken. Unterst\u00fctzt wird das Projekt von EUROPARC mit finanziellen Mitteln des Bundesamtes f\u00fcr Naturschutz.<\/p>\n<p>\u201eIn der Rh\u00f6n funktioniert zum einen die L\u00e4nder \u00fcbergreifende Zusammenarbeit, zum anderen aber auch die Zusammenarbeit zwischen dem Biosph\u00e4renreservat und den Naturparken recht gut\u201c, sch\u00e4tzt der Koordinator des Projekts \u201eWanderwelt Nummer 1\u201c der Regionalen Arbeitsgemeinschaft (ARGE) Rh\u00f6n, Thomas Lemke, ein. So habe beispielsweise bei der Betreuung der Interviewer entlang des HOCHRH\u00d6NER und auch bei der Vorbereitung das Personal gewechselt, und trotzdem habe die Befragung ohne St\u00f6rungen ablaufen k\u00f6nnen.<\/p>\n<p>Insgesamt wurden bei der letzten Befragung 406 Interviews durchgef\u00fchrt. \u201eWir wollten von den Wanderern vor allem wissen, ob sie mit dem, was sie am HOCHRH\u00d6NER vorfinden, zufrieden sind und ob sich unsere Vorstellungen mit den ihren decken\u201c, erkl\u00e4rt Lemke. Au\u00dferdem wollten die Interviewer in Erfahrung bringen, welches Klientel \u00fcberhaupt auf dem HOCHRH\u00d6NER unterwegs ist, um so genaue Aussagen zu den Zielgruppen treffen zu k\u00f6nnen. Ein wichtiger Punkt sei auch die Frage gewesen, ob die Werbung f\u00fcr den Rh\u00f6ner Premiumwanderweg stimmt.<\/p>\n<p>\u201eF\u00fcr uns ist der Blick von au\u00dfen wichtig\u201c, sagt Thomas Lemke. Deshalb werde auch die Ostfalia-Hochschule in Osnabr\u00fcck die Auswertung der Befragungen vornehmen. Ende dieses Jahres soll dann ein detaillierter Bericht vorliegen.<\/p>\n<p>Bei der letzten Befragung hatte sich gezeigt, dass sehr viele Tagesausfl\u00fcgler auf dem HOCHRH\u00d6NER unterwegs waren, die ein gewisses Ziel ansteuern wollten. F\u00fcr sie war jedoch die Bedeutung des Weges als Premiumwanderweg eher zweitrangig. Au\u00dferdem, sagt Lemke, gehe der Trend vorwiegend in Richtung Tageswanderungen. Die Mehrtageswanderungen mit \u00dcbernachtungen in Unterkunftsbetrieben in der N\u00e4he des HOCHRH\u00d6NER seien offenbar in der Minderzahl.<\/p>\n<p>&nbsp;<\/p>\n<p>&nbsp;<\/p>\n<p>&nbsp;<\/p>\n","protected":false},"excerpt":{"rendered":"<div class=\"tmnf_excerpt\"><p>Rh\u00f6n. Im Rahmen eines Projektes von EUROPARC Deutschland, der Dachorganisation der deutschen Biosph\u00e4renreservate, National- und Naturparke,\u00c2\u00a0 wurden gegen Ende der ersten Jahresh\u00e4lfte erneut Wanderer auf dem HOCHRH\u00d6NER befragt. Eine erste Befragung hatte es bereits im Herbst vergangenen Jahres gegeben. Ziel des Projekts von EUROPARC ist eine bessere Vernetzung zwischen den einzelnen Schutzgebieten, in der Rh\u00f6n &hellip;<\/p>\n<\/div>","protected":false},"author":1,"featured_media":0,"comment_status":"closed","ping_status":"closed","sticky":false,"template":"","format":"standard","meta":{"footnotes":""},"categories":[1,78,52],"tags":[],"class_list":["post-100861","post","type-post","status-publish","format-standard","hentry","category-startseite","category-topthema","category-umwelt"],"_links":{"self":[{"href":"https:\/\/www.fuldaernachrichten.de\/index.php?rest_route=\/wp\/v2\/posts\/100861","targetHints":{"allow":["GET"]}}],"collection":[{"href":"https:\/\/www.fuldaernachrichten.de\/index.php?rest_route=\/wp\/v2\/posts"}],"about":[{"href":"https:\/\/www.fuldaernachrichten.de\/index.php?rest_route=\/wp\/v2\/types\/post"}],"author":[{"embeddable":true,"href":"https:\/\/www.fuldaernachrichten.de\/index.php?rest_route=\/wp\/v2\/users\/1"}],"replies":[{"embeddable":true,"href":"https:\/\/www.fuldaernachrichten.de\/index.php?rest_route=%2Fwp%2Fv2%2Fcomments&post=100861"}],"version-history":[{"count":0,"href":"https:\/\/www.fuldaernachrichten.de\/index.php?rest_route=\/wp\/v2\/posts\/100861\/revisions"}],"wp:attachment":[{"href":"https:\/\/www.fuldaernachrichten.de\/index.php?rest_route=%2Fwp%2Fv2%2Fmedia&parent=100861"}],"wp:term":[{"taxonomy":"category","embeddable":true,"href":"https:\/\/www.fuldaernachrichten.de\/index.php?rest_route=%2Fwp%2Fv2%2Fcategories&post=100861"},{"taxonomy":"post_tag","embeddable":true,"href":"https:\/\/www.fuldaernachrichten.de\/index.php?rest_route=%2Fwp%2Fv2%2Ftags&post=100861"}],"curies":[{"name":"wp","href":"https:\/\/api.w.org\/{rel}","templated":true}]}}