{"id":100854,"date":"2012-08-13T00:10:50","date_gmt":"2012-08-13T00:10:50","guid":{"rendered":"http:\/\/www.fuldaer-nachrichten.de\/?p=100854"},"modified":"2012-08-13T06:39:01","modified_gmt":"2012-08-13T06:39:01","slug":"in-eichenzell-geht-der-fuchs-herum-altere-bewohner-haben-angst","status":"publish","type":"post","link":"https:\/\/www.fuldaernachrichten.de\/?p=100854","title":{"rendered":"In Eichenzell geht der Fuchs herum &#8211; \u00c4ltere Bewohner haben Angst"},"content":{"rendered":"<p><a href=\"http:\/\/www.fuldaer-nachrichten.de\/wp-content\/uploads\/2012\/08\/Fuchs.png\"><img fetchpriority=\"high\" decoding=\"async\" class=\"alignleft size-thumbnail wp-image-100855\" title=\"Fuchs\" src=\"http:\/\/www.fuldaer-nachrichten.de\/wp-content\/uploads\/2012\/08\/Fuchs-265x353.png\" alt=\"\" width=\"265\" height=\"353\" srcset=\"https:\/\/www.fuldaernachrichten.de\/wp-content\/uploads\/2012\/08\/Fuchs-265x353.png 265w, https:\/\/www.fuldaernachrichten.de\/wp-content\/uploads\/2012\/08\/Fuchs-198x265.png 198w, https:\/\/www.fuldaernachrichten.de\/wp-content\/uploads\/2012\/08\/Fuchs-450x600.png 450w, https:\/\/www.fuldaernachrichten.de\/wp-content\/uploads\/2012\/08\/Fuchs.png 600w\" sizes=\"(max-width: 265px) 100vw, 265px\" \/><\/a>Eichenzell. Seit einigen Tagen bev\u00f6lkern mehrere F\u00fcchse das Wohngebiet von Eichenzell. Die Eichenzellerin Sandra von Keitz und ihre Kinder trauern um zwei ihrer Meerschweinchen, die der Fuchs get\u00f6tet und verletzt hat. Eine andere Eichenzeller Familie beklagt, dass ein Fuchs s\u00e4mtliche H\u00fchner weggeschleppt hat. Eine \u00e4ltere Dame hat den Fuchs auf ihrem Grundst\u00fcck gesehen und hatte gro\u00dfe Angst das Haus zu verlassen. Die Gemeinde Eichenzell wei\u00df anscheinend, wo die F\u00fcchse ihren Bau haben und k\u00f6nnen aber nicht aktiv werden, weil der zust\u00e4ndige F\u00f6rster in Wohngebieten keinen Fuchs totschie\u00dfen darf. Erschwerend kommt noch hinzu, dass tierschutzrechtliche Aspekte zu beachten sind. <!--more--><\/p>\n<p>Die Polizei ist anscheinend auch informiert und hatte bisher aber keinen Erfolg die F\u00fcchse zu fangen.Die Anwohner in Eichenzell bangen aber um ihre Haustiere und sehen auch kleine Kinder in Gefahr, wenn freilaufende F\u00fcchse durchs Wohngebiet ziehen. Der Eichenzeller Tierfreund Udo Bauch, der selbst einige Tiere hat, sieht das Problem auch darin, das immer mehr private Haushalte in Eichenzell H\u00fchner, Schafe oder andere Kleintiere halten. Durch den Geruch und den Kotger\u00fcchen der Tiere werden F\u00fcchse angelockt und so trauen sich F\u00fcchse auch immer n\u00e4her an die Wohngebiete heran. In Eichenzell ist auch immer wieder zu beobachten, das Essensreste und Abf\u00e4lle auf Wiesen und in Hecken entsorgt werden. So findet man bei der Von-Galen Realschule regelm\u00e4\u00dfig Essensreste, die von irgendwelchen Anwohnern dort entsorgt werden. Auch gibt es Bewohner, die ihre M\u00fclltonnen ohne Deckel offen stehen lassen.<\/p>\n<p>Dies zieht nat\u00fcrlich Tiere an. Mehrere\u00c2\u00a0 tote Ratten habe ich da schon gesehen, so der Eichenzeller Udo Bauch, der selbst auch Angst\u00c2\u00a0 vor dem Fuchs hat, weil er kleine Kinder hat. Heute Morgen war der Fuchs ganz friedlich in seiner Hofeinfahrt. Bauch: D&#8221;ie Gemeinde muss sich der Problematik dringend annehmen. Es darf nicht gewartet werden, bis was passiert und vielleicht mal ein Kind vom Fuchs angegriffen wird. Die T\u00f6tung lieb gewordener Haustiere ist schon schlimm genug.&#8221;<\/p>\n<p>Bild: Ein Fuchs wurde im Wohngebiet (N\u00e4he Von-Galen Realschule gesehen) aufgenommen von Anwohnerin Sandra von Keitz<\/p>\n","protected":false},"excerpt":{"rendered":"<div class=\"tmnf_excerpt\"><p>Eichenzell. Seit einigen Tagen bev\u00f6lkern mehrere F\u00fcchse das Wohngebiet von Eichenzell. Die Eichenzellerin Sandra von Keitz und ihre Kinder trauern um zwei ihrer Meerschweinchen, die der Fuchs get\u00f6tet und verletzt hat. Eine andere Eichenzeller Familie beklagt, dass ein Fuchs s\u00e4mtliche H\u00fchner weggeschleppt hat. Eine \u00e4ltere Dame hat den Fuchs auf ihrem Grundst\u00fcck gesehen und hatte &hellip;<\/p>\n<\/div>","protected":false},"author":1,"featured_media":0,"comment_status":"closed","ping_status":"closed","sticky":false,"template":"","format":"standard","meta":{"footnotes":""},"categories":[1],"tags":[],"class_list":["post-100854","post","type-post","status-publish","format-standard","hentry","category-startseite"],"_links":{"self":[{"href":"https:\/\/www.fuldaernachrichten.de\/index.php?rest_route=\/wp\/v2\/posts\/100854","targetHints":{"allow":["GET"]}}],"collection":[{"href":"https:\/\/www.fuldaernachrichten.de\/index.php?rest_route=\/wp\/v2\/posts"}],"about":[{"href":"https:\/\/www.fuldaernachrichten.de\/index.php?rest_route=\/wp\/v2\/types\/post"}],"author":[{"embeddable":true,"href":"https:\/\/www.fuldaernachrichten.de\/index.php?rest_route=\/wp\/v2\/users\/1"}],"replies":[{"embeddable":true,"href":"https:\/\/www.fuldaernachrichten.de\/index.php?rest_route=%2Fwp%2Fv2%2Fcomments&post=100854"}],"version-history":[{"count":0,"href":"https:\/\/www.fuldaernachrichten.de\/index.php?rest_route=\/wp\/v2\/posts\/100854\/revisions"}],"wp:attachment":[{"href":"https:\/\/www.fuldaernachrichten.de\/index.php?rest_route=%2Fwp%2Fv2%2Fmedia&parent=100854"}],"wp:term":[{"taxonomy":"category","embeddable":true,"href":"https:\/\/www.fuldaernachrichten.de\/index.php?rest_route=%2Fwp%2Fv2%2Fcategories&post=100854"},{"taxonomy":"post_tag","embeddable":true,"href":"https:\/\/www.fuldaernachrichten.de\/index.php?rest_route=%2Fwp%2Fv2%2Ftags&post=100854"}],"curies":[{"name":"wp","href":"https:\/\/api.w.org\/{rel}","templated":true}]}}