{"id":100839,"date":"2012-08-13T00:12:35","date_gmt":"2012-08-13T00:12:35","guid":{"rendered":"http:\/\/www.fuldaer-nachrichten.de\/?p=100839"},"modified":"2012-08-13T06:25:32","modified_gmt":"2012-08-13T06:25:32","slug":"gesehen-gemalt-und-fotografiert-ausstellung-im-mediana-pflegestift","status":"publish","type":"post","link":"https:\/\/www.fuldaernachrichten.de\/?p=100839","title":{"rendered":"Gesehen&#8230;, gemalt und fotografiert &#8211; Ausstellung im Mediana-Pflegestift"},"content":{"rendered":"<p><a href=\"http:\/\/www.fuldaer-nachrichten.de\/wp-content\/uploads\/2012\/08\/Das-H\u00e4uschen-am-Aueweiher_1400x918.jpg\"><img decoding=\"async\" class=\"alignleft size-thumbnail wp-image-100840\" title=\"Das H\u00e4uschen am Aueweiher_1400x918\" src=\"http:\/\/www.fuldaer-nachrichten.de\/wp-content\/uploads\/2012\/08\/Das-H\u00e4uschen-am-Aueweiher_1400x918-265x173.jpg\" alt=\"\" width=\"265\" height=\"173\" \/><\/a>Fulda. Realismus ist angesagt bei der neuen Ausstellung im Mediana-Pflegestift am Martin-Luther-Platz\/Rangstra\u00dfe 33 in Fulda. Die drei Fuldaer K\u00fcnstler Walter M. Rammler, Sergej Kasakow und Bernd Baldus besch\u00e4ftigen sich in Fotografien, \u00d6lbildern, Aquarellen und Zeichnungen mit der Sch\u00f6nheit von Stadt und Land sowohl in heimischer Umgebung als auch in anderen Regionen. Zur Vernissage am Donnerstag, den 16. August 2012 um 19.00 Uhr werden sich die K\u00fcnstler in einem Podiumsgespr\u00e4ch mit dem Pflegestiftleiter\u00c2\u00a0 Jens Czapek zu ihren Arbeiten \u00e4u\u00dfern. Die Ausstellung ist eine weitere Veranstaltung im Rahmen vom \u201eBernd-Baldus-Sommerprojekt 2012 im Pflegestift\u201c.<\/p>\n","protected":false},"excerpt":{"rendered":"<div class=\"tmnf_excerpt\"><p>Fulda. Realismus ist angesagt bei der neuen Ausstellung im Mediana-Pflegestift am Martin-Luther-Platz\/Rangstra\u00dfe 33 in Fulda. Die drei Fuldaer K\u00fcnstler Walter M. Rammler, Sergej Kasakow und Bernd Baldus besch\u00e4ftigen sich in Fotografien, \u00d6lbildern, Aquarellen und Zeichnungen mit der Sch\u00f6nheit von Stadt und Land sowohl in heimischer Umgebung als auch in anderen Regionen. Zur Vernissage am Donnerstag, &hellip;<\/p>\n<\/div>","protected":false},"author":1,"featured_media":0,"comment_status":"closed","ping_status":"closed","sticky":false,"template":"","format":"standard","meta":{"footnotes":""},"categories":[1,44],"tags":[],"class_list":["post-100839","post","type-post","status-publish","format-standard","hentry","category-startseite","category-kultur"],"_links":{"self":[{"href":"https:\/\/www.fuldaernachrichten.de\/index.php?rest_route=\/wp\/v2\/posts\/100839","targetHints":{"allow":["GET"]}}],"collection":[{"href":"https:\/\/www.fuldaernachrichten.de\/index.php?rest_route=\/wp\/v2\/posts"}],"about":[{"href":"https:\/\/www.fuldaernachrichten.de\/index.php?rest_route=\/wp\/v2\/types\/post"}],"author":[{"embeddable":true,"href":"https:\/\/www.fuldaernachrichten.de\/index.php?rest_route=\/wp\/v2\/users\/1"}],"replies":[{"embeddable":true,"href":"https:\/\/www.fuldaernachrichten.de\/index.php?rest_route=%2Fwp%2Fv2%2Fcomments&post=100839"}],"version-history":[{"count":0,"href":"https:\/\/www.fuldaernachrichten.de\/index.php?rest_route=\/wp\/v2\/posts\/100839\/revisions"}],"wp:attachment":[{"href":"https:\/\/www.fuldaernachrichten.de\/index.php?rest_route=%2Fwp%2Fv2%2Fmedia&parent=100839"}],"wp:term":[{"taxonomy":"category","embeddable":true,"href":"https:\/\/www.fuldaernachrichten.de\/index.php?rest_route=%2Fwp%2Fv2%2Fcategories&post=100839"},{"taxonomy":"post_tag","embeddable":true,"href":"https:\/\/www.fuldaernachrichten.de\/index.php?rest_route=%2Fwp%2Fv2%2Ftags&post=100839"}],"curies":[{"name":"wp","href":"https:\/\/api.w.org\/{rel}","templated":true}]}}