{"id":100826,"date":"2012-08-11T00:12:44","date_gmt":"2012-08-11T00:12:44","guid":{"rendered":"http:\/\/www.fuldaer-nachrichten.de\/?p=100826"},"modified":"2012-08-10T19:44:26","modified_gmt":"2012-08-10T19:44:26","slug":"ausbau-der-kreisstrase-31-zwischen-tann-neuswarts-und-tann-gunthers","status":"publish","type":"post","link":"https:\/\/www.fuldaernachrichten.de\/?p=100826","title":{"rendered":"Ausbau der Kreisstra\u00dfe 31 zwischen Tann-Neuswarts und Tann-G\u00fcnthers"},"content":{"rendered":"<p>Wiesbaden. Wie Verkehrsminister Florian Rentsch mitteilte, unterst\u00fctzt das Land den Landkreis Fulda und die Stadt Tann beim Ausbau der Kreisstra\u00dfe 31 zwischen Tann-Neuswarts und Tann-G\u00fcnthers, mit insgesamt 889.400 Euro. Die Gesamtkosten der Ma\u00dfnahme betragen 1.693.000 Euro.\u00c2\u00a0 F\u00fcr die Erneuerung und Verbreiterung der Fahrbahn erh\u00e4lt der Landkreis Fulda 836.600 Euro. Die Stadt Tann erh\u00e4lt f\u00fcr die Herstellung eines durchgehenden Gehwegs in der Ortsdurchfahrt G\u00fcnthers, eine Zuwendung in H\u00f6he von 52.800 Euro.<!--more--><br \/>\nDie Fahrbahn in dem rund 1,6 Kilometer langen Ausbauabschnitt befindet sich in einem schlechten Zustand. Sie hat Risse und Absenkungen, die durch einen unzureichend dimensionierten Aufbau entstanden sind. Au\u00dferhalb der Ortschaften ist die Stra\u00dfe nur ca. vier Meter breit. In der Ortsdurchfahrt G\u00fcnthers gibt es keine oder nur schmale Gehwege.<\/p>\n<p>Deshalb erh\u00e4lt die neue Fahrbahn eine h\u00f6here, den heutigen Verkehrsanforderungen entsprechende Tragf\u00e4higkeit und wird mit einer Regelbreite von 5,50 Meter ausgebaut. Auf der freien Strecke werden im Stra\u00dfenverlauf stellenweise Korrekturen vorgenommen. Des Weiteren wird am Ortseingang G\u00fcnthers als geschwindigkeitsreduzierende Ma\u00dfnahme ein Fahrbahnteiler hergestellt und in der Ortsdurchfahrt entsteht ein einseitiger, \u00fcberwiegend 2,00 Meter, mindestens aber 1,50 Meter breiter Gehweg.\u00c2\u00a0 Die Bauarbeiten beginnen voraussichtlich im September 2012 und sollen im August 2013 abgeschlossen sein.<\/p>\n","protected":false},"excerpt":{"rendered":"<div class=\"tmnf_excerpt\"><p>Wiesbaden. Wie Verkehrsminister Florian Rentsch mitteilte, unterst\u00fctzt das Land den Landkreis Fulda und die Stadt Tann beim Ausbau der Kreisstra\u00dfe 31 zwischen Tann-Neuswarts und Tann-G\u00fcnthers, mit insgesamt 889.400 Euro. Die Gesamtkosten der Ma\u00dfnahme betragen 1.693.000 Euro.\u00c2\u00a0 F\u00fcr die Erneuerung und Verbreiterung der Fahrbahn erh\u00e4lt der Landkreis Fulda 836.600 Euro. Die Stadt Tann erh\u00e4lt f\u00fcr die &hellip;<\/p>\n<\/div>","protected":false},"author":1,"featured_media":0,"comment_status":"closed","ping_status":"closed","sticky":false,"template":"","format":"standard","meta":{"footnotes":""},"categories":[1,35,29],"tags":[],"class_list":["post-100826","post","type-post","status-publish","format-standard","hentry","category-startseite","category-auto","category-politik"],"_links":{"self":[{"href":"https:\/\/www.fuldaernachrichten.de\/index.php?rest_route=\/wp\/v2\/posts\/100826","targetHints":{"allow":["GET"]}}],"collection":[{"href":"https:\/\/www.fuldaernachrichten.de\/index.php?rest_route=\/wp\/v2\/posts"}],"about":[{"href":"https:\/\/www.fuldaernachrichten.de\/index.php?rest_route=\/wp\/v2\/types\/post"}],"author":[{"embeddable":true,"href":"https:\/\/www.fuldaernachrichten.de\/index.php?rest_route=\/wp\/v2\/users\/1"}],"replies":[{"embeddable":true,"href":"https:\/\/www.fuldaernachrichten.de\/index.php?rest_route=%2Fwp%2Fv2%2Fcomments&post=100826"}],"version-history":[{"count":0,"href":"https:\/\/www.fuldaernachrichten.de\/index.php?rest_route=\/wp\/v2\/posts\/100826\/revisions"}],"wp:attachment":[{"href":"https:\/\/www.fuldaernachrichten.de\/index.php?rest_route=%2Fwp%2Fv2%2Fmedia&parent=100826"}],"wp:term":[{"taxonomy":"category","embeddable":true,"href":"https:\/\/www.fuldaernachrichten.de\/index.php?rest_route=%2Fwp%2Fv2%2Fcategories&post=100826"},{"taxonomy":"post_tag","embeddable":true,"href":"https:\/\/www.fuldaernachrichten.de\/index.php?rest_route=%2Fwp%2Fv2%2Ftags&post=100826"}],"curies":[{"name":"wp","href":"https:\/\/api.w.org\/{rel}","templated":true}]}}