{"id":100824,"date":"2012-08-11T00:12:12","date_gmt":"2012-08-11T00:12:12","guid":{"rendered":"http:\/\/www.fuldaer-nachrichten.de\/?p=100824"},"modified":"2012-08-10T19:42:31","modified_gmt":"2012-08-10T19:42:31","slug":"wer-will-azubi-werden-bewerbung-bei-der-vogelsberger-kreisverwaltung-fur-2013-noch-bis-24-august-moglich","status":"publish","type":"post","link":"https:\/\/www.fuldaernachrichten.de\/?p=100824","title":{"rendered":"Wer will Azubi werden? Bewerbung bei der Vogelsberger Kreisverwaltung f\u00fcr 2013 noch bis 24. August m\u00f6glich"},"content":{"rendered":"<p>Vogelsbergkreis. Junge Menschen aus dem Vogelsbergkreis, die ab 2013 noch eine Ausbildungsstelle suchen, k\u00f6nnen sich noch bis Freitag, 24. August, beim Landratsamt in Lauterbach bewerben. Gesucht werden noch mehrere Azubis f\u00fcr die Ausbildungsberufe Verwaltungsfachangestellte\/r und Medizinische Fachangestellte\/r.<!--more--><br \/>\nDarauf macht die Kreispressestelle in einer Pressemitteilung aufmerksam. In diesem Zusammenhang macht der Vogelsberger Vizelandrat Peter Zielinski auf die Bedeutung von Aus- und Fortbildung in der Kreisverwaltung aufmerksam. Als einer der gr\u00f6\u00dften regionalen Arbeitgeber nehme der Kreis seine Rolle sehr ernst, jungen Menschen in vielfacher Hinsicht gute Entwicklungsangebote zu machen. Das Landratsamt wolle zuverl\u00e4ssig jungen Menschen eine gute Perspektive in fachlich fundierten Berufen bieten. Der Aus- und Fortbildung komme in einer modernen Verwaltung eine st\u00e4ndig wachsende Bedeutung zu.<\/p>\n<p>Die Ausbildung in der Kreisverwaltung, die vier Ausbildungsberufe umfasse, sei von hoher Qualit\u00e4t gepr\u00e4gt und werde stets den Erfordernissen des technologischen und gesetzlichen Wandels angepasst. \u201eWir brauchen diese Lern- und Leistungsbereitschaft, um die komplexer werdenden Aufgaben zu meistern\u201c, betont Zielinski. Betriebswirtschaftliches Denken und B\u00fcrgerfreundlichkeit erforderten es, bei den Anstrengungen im Bereich Aus-, Fort- und Weiterbildung nicht nachzulassen.<\/p>\n<p>Dies betreffe sowohl die Ausbildung junger Schulabg\u00e4nger, die Fortbildung der Fachkr\u00e4fte, aber auch vielf\u00e4ltige M\u00f6glichkeiten f\u00fcr Praktikantinnen und Praktikanten. \u201eDer Kreis bietet zurzeit 13 Ausbildungs- und rund 50 Praktikumspl\u00e4tze. Dar\u00fcber hinaus werde j\u00e4hrlich zwischen 10 und 20 Fachleuten die M\u00f6glichkeit der beruflichen Weiterbildung geboten. Diese vier Berufe kann man im Kreishaus lernen: Verwaltungsfachangestellte\/r, Medizinische\/r Fachangestellte\/r, Fachangestellte\/r f\u00fcr Informationstechnologie (Netzwerk\/Software).<\/p>\n<p>N\u00e4here Informationen: Vogelsbergkreis, Ausbildungsleitung, Telefon 06641\/977-3408, oliver-sander@vogelsbergkreis.de<\/p>\n","protected":false},"excerpt":{"rendered":"<div class=\"tmnf_excerpt\"><p>Vogelsbergkreis. Junge Menschen aus dem Vogelsbergkreis, die ab 2013 noch eine Ausbildungsstelle suchen, k\u00f6nnen sich noch bis Freitag, 24. August, beim Landratsamt in Lauterbach bewerben. Gesucht werden noch mehrere Azubis f\u00fcr die Ausbildungsberufe Verwaltungsfachangestellte\/r und Medizinische Fachangestellte\/r.<\/p>\n<\/div>","protected":false},"author":1,"featured_media":0,"comment_status":"closed","ping_status":"closed","sticky":false,"template":"","format":"standard","meta":{"footnotes":""},"categories":[1,53],"tags":[],"class_list":["post-100824","post","type-post","status-publish","format-standard","hentry","category-startseite","category-bildung"],"_links":{"self":[{"href":"https:\/\/www.fuldaernachrichten.de\/index.php?rest_route=\/wp\/v2\/posts\/100824","targetHints":{"allow":["GET"]}}],"collection":[{"href":"https:\/\/www.fuldaernachrichten.de\/index.php?rest_route=\/wp\/v2\/posts"}],"about":[{"href":"https:\/\/www.fuldaernachrichten.de\/index.php?rest_route=\/wp\/v2\/types\/post"}],"author":[{"embeddable":true,"href":"https:\/\/www.fuldaernachrichten.de\/index.php?rest_route=\/wp\/v2\/users\/1"}],"replies":[{"embeddable":true,"href":"https:\/\/www.fuldaernachrichten.de\/index.php?rest_route=%2Fwp%2Fv2%2Fcomments&post=100824"}],"version-history":[{"count":0,"href":"https:\/\/www.fuldaernachrichten.de\/index.php?rest_route=\/wp\/v2\/posts\/100824\/revisions"}],"wp:attachment":[{"href":"https:\/\/www.fuldaernachrichten.de\/index.php?rest_route=%2Fwp%2Fv2%2Fmedia&parent=100824"}],"wp:term":[{"taxonomy":"category","embeddable":true,"href":"https:\/\/www.fuldaernachrichten.de\/index.php?rest_route=%2Fwp%2Fv2%2Fcategories&post=100824"},{"taxonomy":"post_tag","embeddable":true,"href":"https:\/\/www.fuldaernachrichten.de\/index.php?rest_route=%2Fwp%2Fv2%2Ftags&post=100824"}],"curies":[{"name":"wp","href":"https:\/\/api.w.org\/{rel}","templated":true}]}}