{"id":100821,"date":"2012-08-11T00:15:27","date_gmt":"2012-08-11T00:15:27","guid":{"rendered":"http:\/\/www.fuldaer-nachrichten.de\/?p=100821"},"modified":"2012-08-10T19:30:54","modified_gmt":"2012-08-10T19:30:54","slug":"veranstaltung-des-jugendbildungswerks-der-stadt-fulda-klettern-fur-einsteiger-innen","status":"publish","type":"post","link":"https:\/\/www.fuldaernachrichten.de\/?p=100821","title":{"rendered":"Veranstaltung des Jugendbildungswerks der Stadt Fulda: Klettern f\u00fcr Einsteiger\/-innen"},"content":{"rendered":"<p>Fulda (cp). Das Jugendbildungswerk der Stadt Fulda f\u00fchrt f\u00fcr Teenies von 11 bis 14 Jahren von Samstag, den 1. bis Sonntag, den 2. September 2012 ein Kletterwochenende in der Rh\u00f6n durch. Am ersten Tag f\u00fchren qualifizierte Anleiter an einer Indoorwand in die Grundz\u00fcge des Kletterns, Abseilen und Sicherns ein, am zweiten Tag wird gemeinsam die Steinwand bezwungen. Die Gruppe \u00fcbernachtet in der Jugendherberge in Gersfeld. F\u00fcr Interessierte, die Lust auf ein Abenteuerwochenende und viel Spa\u00df in einer Gruppe Gleichaltriger haben, stehen noch freie Pl\u00e4tze zur Verf\u00fcgung, Vorkenntnisse im Klettern sind nicht erforderlich. Genauere Informationen erteilt Ulli Greb unter Tel. 0661\/102-1990.<\/p>\n","protected":false},"excerpt":{"rendered":"<div class=\"tmnf_excerpt\"><p>Fulda (cp). Das Jugendbildungswerk der Stadt Fulda f\u00fchrt f\u00fcr Teenies von 11 bis 14 Jahren von Samstag, den 1. bis Sonntag, den 2. September 2012 ein Kletterwochenende in der Rh\u00f6n durch. Am ersten Tag f\u00fchren qualifizierte Anleiter an einer Indoorwand in die Grundz\u00fcge des Kletterns, Abseilen und Sicherns ein, am zweiten Tag wird gemeinsam die &hellip;<\/p>\n<\/div>","protected":false},"author":1,"featured_media":0,"comment_status":"closed","ping_status":"closed","sticky":false,"template":"","format":"standard","meta":{"footnotes":""},"categories":[1,46],"tags":[],"class_list":["post-100821","post","type-post","status-publish","format-standard","hentry","category-startseite","category-sport"],"_links":{"self":[{"href":"https:\/\/www.fuldaernachrichten.de\/index.php?rest_route=\/wp\/v2\/posts\/100821","targetHints":{"allow":["GET"]}}],"collection":[{"href":"https:\/\/www.fuldaernachrichten.de\/index.php?rest_route=\/wp\/v2\/posts"}],"about":[{"href":"https:\/\/www.fuldaernachrichten.de\/index.php?rest_route=\/wp\/v2\/types\/post"}],"author":[{"embeddable":true,"href":"https:\/\/www.fuldaernachrichten.de\/index.php?rest_route=\/wp\/v2\/users\/1"}],"replies":[{"embeddable":true,"href":"https:\/\/www.fuldaernachrichten.de\/index.php?rest_route=%2Fwp%2Fv2%2Fcomments&post=100821"}],"version-history":[{"count":0,"href":"https:\/\/www.fuldaernachrichten.de\/index.php?rest_route=\/wp\/v2\/posts\/100821\/revisions"}],"wp:attachment":[{"href":"https:\/\/www.fuldaernachrichten.de\/index.php?rest_route=%2Fwp%2Fv2%2Fmedia&parent=100821"}],"wp:term":[{"taxonomy":"category","embeddable":true,"href":"https:\/\/www.fuldaernachrichten.de\/index.php?rest_route=%2Fwp%2Fv2%2Fcategories&post=100821"},{"taxonomy":"post_tag","embeddable":true,"href":"https:\/\/www.fuldaernachrichten.de\/index.php?rest_route=%2Fwp%2Fv2%2Ftags&post=100821"}],"curies":[{"name":"wp","href":"https:\/\/api.w.org\/{rel}","templated":true}]}}