{"id":100817,"date":"2012-08-10T00:19:18","date_gmt":"2012-08-10T00:19:18","guid":{"rendered":"http:\/\/www.fuldaer-nachrichten.de\/?p=100817"},"modified":"2012-08-10T08:24:46","modified_gmt":"2012-08-10T08:24:46","slug":"ehrenamtliche-im-modellprojekt-demenzbegleiter-schenken-geborgenheit","status":"publish","type":"post","link":"https:\/\/www.fuldaernachrichten.de\/?p=100817","title":{"rendered":"Ehrenamtliche im Modellprojekt \u201eDemenzbegleiter\u201c schenken Geborgenheit"},"content":{"rendered":"<p>Ebersburg-Wehers. Der Hessische Sozialminister Stefan Gr\u00fcttner hat sich heute in Ebersburg \u00fcber das Modellprojekt \u201eDemenzbegleiter\u201c des Vereins &#8220;Miteinander-F\u00fcreinander Oberes Fuldatal e.V.&#8221; informiert. \u201eIn einer \u00e4lter werdenden Gesellschaft m\u00fcssen wir alle uns neuen Herausforderungen stellen, bei denen es darum geht, \u00e4lteren Menschen die Teilhabe am gesellschaftlichen Leben zu erm\u00f6glichen und ihnen bei der Bew\u00e4ltigung des Alltags zu helfen\u201c, sagte Gr\u00fcttner. In Hessen geh\u00f6re daher die Seniorenpolitik zu den Schwerpunkten der Hessischen Landesregierung. \u201eEs ist unser Ziel, die Ver\u00e4nderungen, die mit dem demographischen Wandel einhergehen, rechtzeitig in den Blick zu nehmen. Wenn sich ein immer gr\u00f6\u00dferer Teil der Bev\u00f6lkerung im Rentenalter befindet, kommen wir nicht umhin, die Belange und Bed\u00fcrfnisse \u00e4lterer Menschen auf allen Ebenen von Politik und Gesellschaft st\u00e4rker als bisher zur ber\u00fccksichtigen\u201c, betonte der Sozialminister.<!--more--><br \/>\nMit der \u201eSeniorenpolitischen Initiative\u201c habe die Landesregierung bereits neue politische Ziele und Konzepte f\u00fcr die Seniorenpolitik in Hessen benannt. \u201eDie Herausforderungen des demographischen Wandels zu schultern, ist jedoch eine gesamtgesellschaftliche Aufgabe, daher ermutige ich alle dazu, sich verst\u00e4rkt mit den Bed\u00fcrfnissen und Belangen von Seniorinnen und Senioren und neuen M\u00f6glichkeiten des Miteinanders der Generationen auseinanderzusetzen.\u201c<\/p>\n<p>Die Gemeinde Ebersburg und die Stadt Gersfeld leisteten hier vorbildliche Arbeit, lobte Gr\u00fcttner. Sie haben gemeinsam mit lokalen und regionalen Akteuren ein Netzwerk geschaffen, durch das Hilfeleistungen so fr\u00fch wie m\u00f6glich und so nah wie m\u00f6glich in das jeweilige Wohnumfeld der Betroffenen gebracht werden. Gr\u00fcttner: \u201eDas Projekt \u00e2\u20ac\u0161Demenzbegleiter\u00e2\u20ac\u02dc des Vereins \u00e2\u20ac\u0161Miteinander-F\u00fcreinander Oberes Fuldatal e.V.\u00e2\u20ac\u02dc ist dabei ein wichtiger Baustein. So wird Pflege im h\u00e4uslichen Umfeld erm\u00f6glicht und den Pflegenden und Gepflegten unkompliziert Hilfe an die Hand gegeben.\u201c<br \/>\nIm Rahmen des Projekts \u201eDemenzbegleiter\u201c werden Freiwillige qualifiziert, um an Demenz Erkrankte in ihrem Alltag zu begleiten, mit ihnen spazieren zu gehen oder ihnen vorzulesen. \u201eDiese Frauen und M\u00e4nner entlasten pflegende Angeh\u00f6rige und tragen dazu bei, dass sich die Demenzkranken geborgen f\u00fchlen k\u00f6nnen. Sie setzen sich tagt\u00e4glich daf\u00fcr ein, dass sie trotz ihrer Erkrankung Wertsch\u00e4tzung erfahren\u201c, stellte Gr\u00fcttner heraus. Daher f\u00f6rdere das Land Hessen das Projekt in 2012 mit \u00fcber 33.000 Euro. Zus\u00e4tzlich wird das Projekt vom Verband der Pflegekassen Hessen gef\u00f6rdert.<\/p>\n","protected":false},"excerpt":{"rendered":"<div class=\"tmnf_excerpt\"><p>Ebersburg-Wehers. Der Hessische Sozialminister Stefan Gr\u00fcttner hat sich heute in Ebersburg \u00fcber das Modellprojekt \u201eDemenzbegleiter\u201c des Vereins &#8220;Miteinander-F\u00fcreinander Oberes Fuldatal e.V.&#8221; informiert. \u201eIn einer \u00e4lter werdenden Gesellschaft m\u00fcssen wir alle uns neuen Herausforderungen stellen, bei denen es darum geht, \u00e4lteren Menschen die Teilhabe am gesellschaftlichen Leben zu erm\u00f6glichen und ihnen bei der Bew\u00e4ltigung des Alltags &hellip;<\/p>\n<\/div>","protected":false},"author":1,"featured_media":0,"comment_status":"closed","ping_status":"closed","sticky":false,"template":"","format":"standard","meta":{"footnotes":""},"categories":[1,51],"tags":[],"class_list":["post-100817","post","type-post","status-publish","format-standard","hentry","category-startseite","category-medizin"],"_links":{"self":[{"href":"https:\/\/www.fuldaernachrichten.de\/index.php?rest_route=\/wp\/v2\/posts\/100817","targetHints":{"allow":["GET"]}}],"collection":[{"href":"https:\/\/www.fuldaernachrichten.de\/index.php?rest_route=\/wp\/v2\/posts"}],"about":[{"href":"https:\/\/www.fuldaernachrichten.de\/index.php?rest_route=\/wp\/v2\/types\/post"}],"author":[{"embeddable":true,"href":"https:\/\/www.fuldaernachrichten.de\/index.php?rest_route=\/wp\/v2\/users\/1"}],"replies":[{"embeddable":true,"href":"https:\/\/www.fuldaernachrichten.de\/index.php?rest_route=%2Fwp%2Fv2%2Fcomments&post=100817"}],"version-history":[{"count":1,"href":"https:\/\/www.fuldaernachrichten.de\/index.php?rest_route=\/wp\/v2\/posts\/100817\/revisions"}],"predecessor-version":[{"id":100818,"href":"https:\/\/www.fuldaernachrichten.de\/index.php?rest_route=\/wp\/v2\/posts\/100817\/revisions\/100818"}],"wp:attachment":[{"href":"https:\/\/www.fuldaernachrichten.de\/index.php?rest_route=%2Fwp%2Fv2%2Fmedia&parent=100817"}],"wp:term":[{"taxonomy":"category","embeddable":true,"href":"https:\/\/www.fuldaernachrichten.de\/index.php?rest_route=%2Fwp%2Fv2%2Fcategories&post=100817"},{"taxonomy":"post_tag","embeddable":true,"href":"https:\/\/www.fuldaernachrichten.de\/index.php?rest_route=%2Fwp%2Fv2%2Ftags&post=100817"}],"curies":[{"name":"wp","href":"https:\/\/api.w.org\/{rel}","templated":true}]}}