{"id":100809,"date":"2012-08-10T07:51:35","date_gmt":"2012-08-10T07:51:35","guid":{"rendered":"http:\/\/www.fuldaer-nachrichten.de\/?p=100809"},"modified":"2012-08-10T07:51:35","modified_gmt":"2012-08-10T07:51:35","slug":"efm-benefiz-konzert-mit-den-besten-musikern-der-region-am-29-09-in-der-alten-piesel","status":"publish","type":"post","link":"https:\/\/www.fuldaernachrichten.de\/?p=100809","title":{"rendered":"EFM-Benefiz-Konzert mit den besten Musikern der Region am 29.09. in der Alten Piesel"},"content":{"rendered":"<p><a href=\"http:\/\/www.fuldaer-nachrichten.de\/wp-content\/uploads\/2012\/08\/111029_rockmeetsblues_025_MoritzFoto.jpg\"><img decoding=\"async\" class=\"alignleft size-thumbnail wp-image-100810\" title=\"111029_rockmeetsblues_025_MoritzFoto\" src=\"http:\/\/www.fuldaer-nachrichten.de\/wp-content\/uploads\/2012\/08\/111029_rockmeetsblues_025_MoritzFoto-265x176.jpg\" alt=\"\" width=\"265\" height=\"176\" srcset=\"https:\/\/www.fuldaernachrichten.de\/wp-content\/uploads\/2012\/08\/111029_rockmeetsblues_025_MoritzFoto-265x176.jpg 265w, https:\/\/www.fuldaernachrichten.de\/wp-content\/uploads\/2012\/08\/111029_rockmeetsblues_025_MoritzFoto.jpg 600w\" sizes=\"(max-width: 265px) 100vw, 265px\" \/><\/a>Dirlos. Nach der fantastischen Resonanz im Vorjahr geht das Benefiz-Konzert von EFM am Samstag, 29. September ab 20 Uhr in die zweite Runde: \u201eRock meets Blues \u2013 Part 2\u201c hei\u00dft es dann wieder in der Alten Piesel in Dirlos, wo die besten Musiker der Region f\u00fcr einen guten Zweck in die Saiten greifen und in die Tasten hauen. Schon im vergangenen Jahr veranstaltete der Fuldaer Elektrofachmarkt\u00c2\u00a0 EFM ein gro\u00dfartiges Benefiz-Event: Die Creme de la Creme der heimischen Musikszenze spielte kostenlos und der Eintritt in H\u00f6he von 5,- Euro floss einem guten Zweck zu. Grund genug f\u00fcr Hans-J\u00fcrgen M\u00fcller und sein Team von EFM am 29. September ab 20 eine zweite Auflage zu starten. Auch diesmal gibt es in der Alten Piesel richtig was zu h\u00f6ren: So haben sich unter anderen das Duo Duece mit Uli Meyer und Stefan Wagner, Franky &amp; Blues (ein Projekt der local heros Frank Tischer und Martin G\u00fcnzel mit Verst\u00e4rkung) sowie die Band Steinfeld angesagt.<\/p>\n<p>Fotos: J\u00f6rg Moritz<\/p>\n<p><!--more--><\/p>\n<p>\u201eAn diesem Abend kommen nicht nur Bluesfreunde auf Ihre Kosten, sondern auch Fans von Oldies und Deutschrock\u201c, k\u00fcndigt Hans-J\u00fcrgen M\u00fcller an. Und damit nicht genug, nat\u00fcrlich darf nach der Live Mucke wieder ordentlich gerockt &amp; geschwoft werden. Im Saal treiben DJ Stefan und DJ Hansi mit sattem Rock und Blues-Sound die tanzw\u00fctigen Massen zur Ektase. Und zwar solange bis der Arzt kommt: Denn dann legt DJ Doc Vey in der Kneipe Party-Klassiker auf. Mit weiteren \u00dcberraschungen darf und muss an diesem Abend jederzeit gerechnet werden. Selbstverst\u00e4ndlich kommt auch diesmal der Erl\u00f6s des Abends einen guten Zweck zu. Tickets f\u00fcr je 5 Euro k\u00f6nnen im VVK bei EFM, der Alten Piesel sowie im Internet unter <a href=\"http:\/\/www.altepiesel.de\">www.altepiesel.de<\/a> erworben werden.<\/p>\n<p>&nbsp;<\/p>\n","protected":false},"excerpt":{"rendered":"<div class=\"tmnf_excerpt\"><p>Dirlos. Nach der fantastischen Resonanz im Vorjahr geht das Benefiz-Konzert von EFM am Samstag, 29. September ab 20 Uhr in die zweite Runde: \u201eRock meets Blues \u2013 Part 2\u201c hei\u00dft es dann wieder in der Alten Piesel in Dirlos, wo die besten Musiker der Region f\u00fcr einen guten Zweck in die Saiten greifen und in &hellip;<\/p>\n<\/div>","protected":false},"author":1,"featured_media":0,"comment_status":"closed","ping_status":"closed","sticky":false,"template":"","format":"standard","meta":{"footnotes":""},"categories":[1,44],"tags":[],"class_list":["post-100809","post","type-post","status-publish","format-standard","hentry","category-startseite","category-kultur"],"_links":{"self":[{"href":"https:\/\/www.fuldaernachrichten.de\/index.php?rest_route=\/wp\/v2\/posts\/100809","targetHints":{"allow":["GET"]}}],"collection":[{"href":"https:\/\/www.fuldaernachrichten.de\/index.php?rest_route=\/wp\/v2\/posts"}],"about":[{"href":"https:\/\/www.fuldaernachrichten.de\/index.php?rest_route=\/wp\/v2\/types\/post"}],"author":[{"embeddable":true,"href":"https:\/\/www.fuldaernachrichten.de\/index.php?rest_route=\/wp\/v2\/users\/1"}],"replies":[{"embeddable":true,"href":"https:\/\/www.fuldaernachrichten.de\/index.php?rest_route=%2Fwp%2Fv2%2Fcomments&post=100809"}],"version-history":[{"count":1,"href":"https:\/\/www.fuldaernachrichten.de\/index.php?rest_route=\/wp\/v2\/posts\/100809\/revisions"}],"predecessor-version":[{"id":100811,"href":"https:\/\/www.fuldaernachrichten.de\/index.php?rest_route=\/wp\/v2\/posts\/100809\/revisions\/100811"}],"wp:attachment":[{"href":"https:\/\/www.fuldaernachrichten.de\/index.php?rest_route=%2Fwp%2Fv2%2Fmedia&parent=100809"}],"wp:term":[{"taxonomy":"category","embeddable":true,"href":"https:\/\/www.fuldaernachrichten.de\/index.php?rest_route=%2Fwp%2Fv2%2Fcategories&post=100809"},{"taxonomy":"post_tag","embeddable":true,"href":"https:\/\/www.fuldaernachrichten.de\/index.php?rest_route=%2Fwp%2Fv2%2Ftags&post=100809"}],"curies":[{"name":"wp","href":"https:\/\/api.w.org\/{rel}","templated":true}]}}