{"id":100807,"date":"2012-08-10T00:11:11","date_gmt":"2012-08-10T00:11:11","guid":{"rendered":"http:\/\/www.fuldaer-nachrichten.de\/?p=100807"},"modified":"2012-08-09T14:53:25","modified_gmt":"2012-08-09T14:53:25","slug":"themenabend-deutsche-romantik-schlosskonzert-mit-klaviermusik-der-deutschen-romantik-und-kulinarischen-kostlichkeiten","status":"publish","type":"post","link":"https:\/\/www.fuldaernachrichten.de\/?p=100807","title":{"rendered":"Themenabend &#8220;Deutsche Romantik&#8221; &#8211; Schlosskonzert mit Klaviermusik der deutschen Romantik und kulinarischen K\u00f6stlichkeiten"},"content":{"rendered":"<p><a href=\"http:\/\/www.fuldaer-nachrichten.de\/wp-content\/uploads\/2012\/08\/Schlosskonzert11_0046.jpg\"><img decoding=\"async\" class=\"alignleft size-thumbnail wp-image-100808\" title=\"Schlosskonzert11_0046\" src=\"http:\/\/www.fuldaer-nachrichten.de\/wp-content\/uploads\/2012\/08\/Schlosskonzert11_0046-265x175.jpg\" alt=\"\" width=\"265\" height=\"175\" srcset=\"https:\/\/www.fuldaernachrichten.de\/wp-content\/uploads\/2012\/08\/Schlosskonzert11_0046-265x175.jpg 265w, https:\/\/www.fuldaernachrichten.de\/wp-content\/uploads\/2012\/08\/Schlosskonzert11_0046.jpg 600w\" sizes=\"(max-width: 265px) 100vw, 265px\" \/><\/a>Eichenzell. Die Schlosskonzerte Osthessen f\u00fchren die Konzertbesucher in die sch\u00f6nsten Schl\u00f6sser der Region Osthessen und stellen ihnen in einzigartigem Ambiente junge, hoch begabte Musikerinnen und Musiker aus aller Welt vor. Die jungen Interpreten, die am Anfang einer viel versprechenden Karriere stehen, sind alle Teilnehmerinnen und Teilnehmer der PIANALE Klavierakademie 2012 und gestalten unvergessliche \u00dcberraschungsprogramme f\u00fcr ihr Publikum w\u00e4hrend der Schlosskonzerte Osthessen.\u00c2\u00a0<!--more--><\/p>\n<p>Der Themenabend innerhalb der Konzertreihe Schlosskonzerte Osthessen legt jedes Jahr einen besonderen musikalischen Schwerpunkt auf ein Land, einen Komponisten oder eine Epoche. Die musikalische Reise des vierten Schlosskonzertes am 24.08.2012 um 20.00 Uhr in Eichenzell f\u00fchrt die Zuh\u00f6rer in die gef\u00fchlvolle Welt der deutschen Romantik.<\/p>\n<p>Die Besucher erwartet Klaviermusik bekannter Komponisten wie Mendelssohn, Schumann, Brahms und Liszt. Kulinarisch wird der musikalische Genuss noch durch gute Weine und kleine kulinarische K\u00f6stlichkeiten aus Deutschland erg\u00e4nzt. Karten f\u00fcr das Konzert inklusive eines Begr\u00fc\u00dfungssekts sowie eines Glases Wein und eines landestypischen Snacks in der Pause kosten 22,00 \u00e2\u201a\u00ac \/ erm\u00e4\u00dfigt 20,00 \u00e2\u201a\u00ac\u00c2\u00a0 (Sch\u00fcler, Studenten, Behinderte).<\/p>\n<p>Tickets und Info: Gemeinde Eichenzell, Tel. 06659\/ 9 79-43 , Karten nur im Vorverkauf!<\/p>\n<p><strong>\u00c2\u00a0<\/strong><\/p>\n<p>&nbsp;<\/p>\n<p>&nbsp;<\/p>\n","protected":false},"excerpt":{"rendered":"<div class=\"tmnf_excerpt\"><p>Eichenzell. Die Schlosskonzerte Osthessen f\u00fchren die Konzertbesucher in die sch\u00f6nsten Schl\u00f6sser der Region Osthessen und stellen ihnen in einzigartigem Ambiente junge, hoch begabte Musikerinnen und Musiker aus aller Welt vor. Die jungen Interpreten, die am Anfang einer viel versprechenden Karriere stehen, sind alle Teilnehmerinnen und Teilnehmer der PIANALE Klavierakademie 2012 und gestalten unvergessliche \u00dcberraschungsprogramme f\u00fcr &hellip;<\/p>\n<\/div>","protected":false},"author":1,"featured_media":0,"comment_status":"closed","ping_status":"closed","sticky":false,"template":"","format":"standard","meta":{"footnotes":""},"categories":[1,44],"tags":[],"class_list":["post-100807","post","type-post","status-publish","format-standard","hentry","category-startseite","category-kultur"],"_links":{"self":[{"href":"https:\/\/www.fuldaernachrichten.de\/index.php?rest_route=\/wp\/v2\/posts\/100807","targetHints":{"allow":["GET"]}}],"collection":[{"href":"https:\/\/www.fuldaernachrichten.de\/index.php?rest_route=\/wp\/v2\/posts"}],"about":[{"href":"https:\/\/www.fuldaernachrichten.de\/index.php?rest_route=\/wp\/v2\/types\/post"}],"author":[{"embeddable":true,"href":"https:\/\/www.fuldaernachrichten.de\/index.php?rest_route=\/wp\/v2\/users\/1"}],"replies":[{"embeddable":true,"href":"https:\/\/www.fuldaernachrichten.de\/index.php?rest_route=%2Fwp%2Fv2%2Fcomments&post=100807"}],"version-history":[{"count":0,"href":"https:\/\/www.fuldaernachrichten.de\/index.php?rest_route=\/wp\/v2\/posts\/100807\/revisions"}],"wp:attachment":[{"href":"https:\/\/www.fuldaernachrichten.de\/index.php?rest_route=%2Fwp%2Fv2%2Fmedia&parent=100807"}],"wp:term":[{"taxonomy":"category","embeddable":true,"href":"https:\/\/www.fuldaernachrichten.de\/index.php?rest_route=%2Fwp%2Fv2%2Fcategories&post=100807"},{"taxonomy":"post_tag","embeddable":true,"href":"https:\/\/www.fuldaernachrichten.de\/index.php?rest_route=%2Fwp%2Fv2%2Ftags&post=100807"}],"curies":[{"name":"wp","href":"https:\/\/api.w.org\/{rel}","templated":true}]}}