{"id":100800,"date":"2012-08-10T00:14:47","date_gmt":"2012-08-10T00:14:47","guid":{"rendered":"http:\/\/www.fuldaer-nachrichten.de\/?p=100800"},"modified":"2012-08-09T14:49:48","modified_gmt":"2012-08-09T14:49:48","slug":"katholische-landjugend-veranstaltete-kinderfreizeit-zum-thema-nachhaltigkeit","status":"publish","type":"post","link":"https:\/\/www.fuldaernachrichten.de\/?p=100800","title":{"rendered":"Katholische Landjugend veranstaltete Kinderfreizeit zum Thema Nachhaltigkeit"},"content":{"rendered":"<p><a href=\"http:\/\/www.fuldaer-nachrichten.de\/wp-content\/uploads\/2012\/08\/IMG_2581bea.jpg\"><img decoding=\"async\" class=\"alignleft size-thumbnail wp-image-100801\" title=\"IMG_2581bea\" src=\"http:\/\/www.fuldaer-nachrichten.de\/wp-content\/uploads\/2012\/08\/IMG_2581bea-265x176.jpg\" alt=\"\" width=\"265\" height=\"176\" srcset=\"https:\/\/www.fuldaernachrichten.de\/wp-content\/uploads\/2012\/08\/IMG_2581bea-265x176.jpg 265w, https:\/\/www.fuldaernachrichten.de\/wp-content\/uploads\/2012\/08\/IMG_2581bea.jpg 600w\" sizes=\"(max-width: 265px) 100vw, 265px\" \/><\/a>Kleinsassen\/Fulda. \u00d6kologische Workshops und Diskussionsrunden statt Schwimmbadbesuch und Lagerfeuer &#8211; dass eine Ferienfreizeit f\u00fcr 9-14 j\u00e4hrige nicht nur aus Spiel und Spa\u00df bestehen muss sondern durchaus auch inhaltliche Impulse geben kann, zeigte die Katholische Landjugendbewegung (KLJB) mit Unterst\u00fctzung des Umweltzentrums Fulda bei ihrer Sommerfreizeit zum Thema Nachhaltigkeit im Ludwig- Wolker- Haus in Kleinsassen.\u00c2\u00a0 \u00c2\u00a0<!--more--><br \/>\nWas hat die Fl\u00e4che eines Fu\u00dfballfeldes mit meinem pers\u00f6nlichen Umweltverhalten zu tun? Wie k\u00f6nnen wir im Alltag unseren C02-Austo\u00df verringern und wie viel Wasser verbrauchen wir t\u00e4glich? Bei der Nachhaltigen Sommerfreizeit der KLJB Fulda konnten 23 Kinder zehn Tage lang in Projekten und Workshops Antworten auf diese Fragen finden, die sie am Ende in einer Abschlusspr\u00e4sentation einem kleinen Publikum vorstellten. Der Freizeitleiter Marius Brunner von der KLJB Fulda beschreibt die Idee, die dahintersteht, so:\u00c2\u00a0 &#8220;Als Jugendverband f\u00fcr die l\u00e4ndlichen Regionen ist die \u00d6kologie eine S\u00e4ule unseres Jugendverbandes. Die Kinder sollen Umweltschutz und Nachhaltigkeit erleben, ohne auf Spiel und Spa\u00df verzichten zu m\u00fcssen.&#8221;<\/p>\n<p><a href=\"http:\/\/www.fuldaer-nachrichten.de\/wp-content\/uploads\/2012\/08\/IMG_2571bea.jpg\"><img decoding=\"async\" class=\"alignnone size-thumbnail wp-image-100803\" title=\"IMG_2571bea\" src=\"http:\/\/www.fuldaer-nachrichten.de\/wp-content\/uploads\/2012\/08\/IMG_2571bea-265x176.jpg\" alt=\"\" width=\"265\" height=\"176\" srcset=\"https:\/\/www.fuldaernachrichten.de\/wp-content\/uploads\/2012\/08\/IMG_2571bea-265x176.jpg 265w, https:\/\/www.fuldaernachrichten.de\/wp-content\/uploads\/2012\/08\/IMG_2571bea.jpg 600w\" sizes=\"(max-width: 265px) 100vw, 265px\" \/><\/a> <a href=\"http:\/\/www.fuldaer-nachrichten.de\/wp-content\/uploads\/2012\/08\/IMG_2562bea.jpg\"><img decoding=\"async\" class=\"alignnone size-thumbnail wp-image-100802\" title=\"IMG_2562bea\" src=\"http:\/\/www.fuldaer-nachrichten.de\/wp-content\/uploads\/2012\/08\/IMG_2562bea-265x176.jpg\" alt=\"\" width=\"265\" height=\"176\" srcset=\"https:\/\/www.fuldaernachrichten.de\/wp-content\/uploads\/2012\/08\/IMG_2562bea-265x176.jpg 265w, https:\/\/www.fuldaernachrichten.de\/wp-content\/uploads\/2012\/08\/IMG_2562bea.jpg 600w\" sizes=\"(max-width: 265px) 100vw, 265px\" \/><\/a><\/p>\n<p>Und die Ergebnisse beeindruckten nicht nur die G\u00e4ste sondern vor allem die Kinder selbst: So erfuhren sie, dass ihr eigener \u00f6kologischer Fu\u00dfabdruck so gro\u00df wie ein Fu\u00dfballfeld ist und das man die Energie der Sonne zum Kochen und sogar Backen nutzen kann. In selbstgebauten Kl\u00e4ranlagen versuchten die 9-14j\u00e4hrigen verschmutztes Wasser\u00c2\u00a0 zu reinigen und beim &#8220;Tag ohne Strom&#8221; wurden im Ludwig-Wolker- Haus f\u00fcr 24 Stunden die Sicherungen raus gedreht.<\/p>\n<p>&#8220;Zuerst waren wir geschockt und haben alle schnell nochmal die Handys aufgeladen!&#8221; beschreibt\u00c2\u00a0 Jonas (10) die Situation bei der Ank\u00fcndigung des stromfreien Tages durch die Betreuer und ist stolz, dass alle geschafft haben durchzuhalten. Trotz lauwarmer Suppe, dunklen Zimmern und kalten Duschen. Positiv bemerkten die jungen Teilnehmerinnen und Teilnehmer vor allem, dass die gemachten Erfahrungen sie zu besserem Verhalten motiviert hat: &#8220;Ich werde demn\u00e4chst beim Einkaufen genauer hinschauen wo die Lebensmittel hergestellt werden&#8221;, ist sich auch die zw\u00f6lfj\u00e4hrige Christina sicher. &#8220;Ich wusste gar nicht, dass Obst und Gem\u00fcse manchmal erst um die halbe Welt reist um zu uns zu kommen!&#8221;<\/p>\n<p><a href=\"http:\/\/www.fuldaer-nachrichten.de\/wp-content\/uploads\/2012\/08\/IMG_2591bea.jpg\"><img loading=\"lazy\" decoding=\"async\" class=\"alignleft size-thumbnail wp-image-100804\" title=\"IMG_2591bea\" src=\"http:\/\/www.fuldaer-nachrichten.de\/wp-content\/uploads\/2012\/08\/IMG_2591bea-265x176.jpg\" alt=\"\" width=\"265\" height=\"176\" srcset=\"https:\/\/www.fuldaernachrichten.de\/wp-content\/uploads\/2012\/08\/IMG_2591bea-265x176.jpg 265w, https:\/\/www.fuldaernachrichten.de\/wp-content\/uploads\/2012\/08\/IMG_2591bea.jpg 600w\" sizes=\"(max-width: 265px) 100vw, 265px\" \/><\/a>Insgesamt wurden bei der Freizeit f\u00fcnf Themenkomplexe behandelt, die zum Teil von Fachreferenten begleitet und unterst\u00fctzt wurden:\u00c2\u00a0 Das Thema &#8220;Sch\u00f6pfung&#8221; mit der Theologin Andrea Koob und Sophia Wagner, das Thema &#8220;Wasser&#8221; mit der Referentin f\u00fcr \u00d6kologie, Manuela Vosen von der KLJB-Bundesstelle und die Themen &#8220;Klima&#8221;, &#8220;Energie&#8221; und &#8220;Abfall&#8221; mit Unterst\u00fctzung von Volker Strauch und Dr. Hans Unbehauen vom Umweltzentrum in Fulda.<\/p>\n<p>In einem Abschlussgespr\u00e4ch \u00e4u\u00dferten sich Organisatoren und Unterst\u00fctzer beeindruckt und hoch zufrieden mit den Ergebnissen der Kinder. Monsignore Christof Steinert unterstrich als Vorstand des Jugendwerks St. Michael den \u00f6kologischen Gedanken als wichtigen Impuls f\u00fcr die Weiterentwicklung der Jugendbildungsh\u00e4user im Bistum. So wurde bereits in den vergangenen Jahren die W\u00e4rmed\u00e4mmung erneuert und demn\u00e4chst soll als konkrete Ma\u00dfnahme au\u00dferdem eine Pelletheizung im Ludwig-Wolker-Haus eingebaut werden.<\/p>\n<p>Mit einer Pflanzaktion von Obstb\u00e4umen endete in Kleisassen die zehnt\u00e4gige Sommerfreizeit, bei der die Teilnehmer nach eignen Worten: &#8220;gar nicht gemerkt haben, dass wir hier jeden Tag was wichtiges gelernt haben!&#8221;<\/p>\n","protected":false},"excerpt":{"rendered":"<div class=\"tmnf_excerpt\"><p>Kleinsassen\/Fulda. \u00d6kologische Workshops und Diskussionsrunden statt Schwimmbadbesuch und Lagerfeuer &#8211; dass eine Ferienfreizeit f\u00fcr 9-14 j\u00e4hrige nicht nur aus Spiel und Spa\u00df bestehen muss sondern durchaus auch inhaltliche Impulse geben kann, zeigte die Katholische Landjugendbewegung (KLJB) mit Unterst\u00fctzung des Umweltzentrums Fulda bei ihrer Sommerfreizeit zum Thema Nachhaltigkeit im Ludwig- Wolker- Haus in Kleinsassen.\u00c2\u00a0 \u00c2\u00a0<\/p>\n<\/div>","protected":false},"author":1,"featured_media":0,"comment_status":"closed","ping_status":"closed","sticky":false,"template":"","format":"standard","meta":{"footnotes":""},"categories":[1,53,50],"tags":[],"class_list":["post-100800","post","type-post","status-publish","format-standard","hentry","category-startseite","category-bildung","category-kirche"],"_links":{"self":[{"href":"https:\/\/www.fuldaernachrichten.de\/index.php?rest_route=\/wp\/v2\/posts\/100800","targetHints":{"allow":["GET"]}}],"collection":[{"href":"https:\/\/www.fuldaernachrichten.de\/index.php?rest_route=\/wp\/v2\/posts"}],"about":[{"href":"https:\/\/www.fuldaernachrichten.de\/index.php?rest_route=\/wp\/v2\/types\/post"}],"author":[{"embeddable":true,"href":"https:\/\/www.fuldaernachrichten.de\/index.php?rest_route=\/wp\/v2\/users\/1"}],"replies":[{"embeddable":true,"href":"https:\/\/www.fuldaernachrichten.de\/index.php?rest_route=%2Fwp%2Fv2%2Fcomments&post=100800"}],"version-history":[{"count":1,"href":"https:\/\/www.fuldaernachrichten.de\/index.php?rest_route=\/wp\/v2\/posts\/100800\/revisions"}],"predecessor-version":[{"id":100805,"href":"https:\/\/www.fuldaernachrichten.de\/index.php?rest_route=\/wp\/v2\/posts\/100800\/revisions\/100805"}],"wp:attachment":[{"href":"https:\/\/www.fuldaernachrichten.de\/index.php?rest_route=%2Fwp%2Fv2%2Fmedia&parent=100800"}],"wp:term":[{"taxonomy":"category","embeddable":true,"href":"https:\/\/www.fuldaernachrichten.de\/index.php?rest_route=%2Fwp%2Fv2%2Fcategories&post=100800"},{"taxonomy":"post_tag","embeddable":true,"href":"https:\/\/www.fuldaernachrichten.de\/index.php?rest_route=%2Fwp%2Fv2%2Ftags&post=100800"}],"curies":[{"name":"wp","href":"https:\/\/api.w.org\/{rel}","templated":true}]}}