{"id":100794,"date":"2012-08-10T00:09:48","date_gmt":"2012-08-10T00:09:48","guid":{"rendered":"http:\/\/www.fuldaer-nachrichten.de\/?p=100794"},"modified":"2012-08-09T11:32:26","modified_gmt":"2012-08-09T11:32:26","slug":"fachdienst-gebaudemanagement-der-kreisverwaltung-betreut-liegenschaften-und-bauobjekte-des-landkreises","status":"publish","type":"post","link":"https:\/\/www.fuldaernachrichten.de\/?p=100794","title":{"rendered":"Fachdienst Geb\u00e4udemanagement der Kreisverwaltung betreut Liegenschaften und Bauobjekte des Landkreises"},"content":{"rendered":"<p><a href=\"http:\/\/www.fuldaer-nachrichten.de\/wp-content\/uploads\/2012\/08\/364-Geb\u00e4udemanagement.jpg\"><img fetchpriority=\"high\" decoding=\"async\" class=\"alignnone size-full wp-image-100795\" title=\"364-Geb\u00e4udemanagement\" src=\"http:\/\/www.fuldaer-nachrichten.de\/wp-content\/uploads\/2012\/08\/364-Geb\u00e4udemanagement.jpg\" alt=\"\" width=\"560\" height=\"319\" \/><\/a><\/p>\n<p>Fulda. \u201eAus 3 mach 1\u201c: Was am 15. M\u00e4rz 2006 seinen Anfang nahm, hat sich im Laufe der vergangenen knapp sechseinhalb Jahre zu einem Fachdienst der Kreisverwaltung Fulda entwickelt, dessen Mitarbeiterinnen und Mitarbeiter f\u00fcr eine Vielzahl von Aufgaben zust\u00e4ndig sind: das Geb\u00e4udemanagement. \u201eKomplett in den neu geschaffenen Fachdienst integriert wurden die Hochbauabteilung und das Amt f\u00fcr Beschaffung\u201c, skizziert Fachdienstleiter J\u00fcrgen Obermeier, der bis zu jenem M\u00e4rz 2006 stellvertretender Bauamtsleiter gewesen war. Zudem seien Teile der Schulverwaltung dazugekommen.<\/p>\n<p>Foto: Daniel<!--more-->Obermeier w\u00fcrdigt den gro\u00dfen Zusammenhalt innerhalb des Fachdienstes, der sich aus 25 Kolleginnen und Kollegen zusammensetzt. Hinzu kommen die Hausmeister von den 70 Schulen in Tr\u00e4gerschaft des Landkreises: etwa 30 Vollzeit- und 35 Teilzeitkr\u00e4fte. Neben Obermeier gibt es sieben sogenannte Regionalmanager, welche die ihnen zugewiesenen Liegenschaften betreuen, mit den zust\u00e4ndigen Sachbearbeitern die Aufgaben steuern und den Ablauf der Ma\u00dfnahmen koordinieren. Dies hat den Vorteil, dass es f\u00fcr jede Liegenschaft samt dem dazugeh\u00f6rigen Objekt immer nur eine Person gibt, die sich mit den speziellen Erfordernissen bestens auskennt und sozusagen ein \u201eSpezialist\u201c ist.<\/p>\n<p>Die ersten drei Jahre seien notwendig gewesen, Lernprozesse zu durchlaufen, \u201eda wir ja ganz viel Neuland betreten haben\u201c. Zwar sei dabei ein externer Berater hinzugezogen worden, \u201edoch haben wir viele Sachen selbst gestrickt und aus den gemachten Erfahrungen heraus korrigiert. Die Reflexion auf das eigene Handeln besitzt auch heute noch einen hohen Stellenwert.\u201c<\/p>\n<p>Kaum waren die erw\u00e4hnten drei Jahre vorbei, wartete bereits eine sehr gro\u00dfe Herausforderung auf Obermeier und sein Team: die Umsetzung des Konjunkturprogramms in den Schulen. 34 Millionen Euro steuerten der Bund und das Land bei, insgesamt wurden in den letzten drei Jahren rund 55 Millionen Euro verbaut. Obermeier: \u201eWir hatten zwei Jahre Zeit, die Ma\u00dfnahmen zu planen und durchzuf\u00fchren. Das Ganze lief aus am 31. Dezember 2011, und am 15. Dezember wurde mit dem Kompetenzzentrum f\u00fcr Sprache und Erziehung in Petersberg das letzte und zugleich gr\u00f6\u00dfte Projekt erfolgreich abgeschlossen.\u201c W\u00e4hrend der Umsetzung des Konjunkturprogramms arbeitete der Fachdienst Geb\u00e4udemanagement mit 30 Architekten, 20 Statikern und 15 Geb\u00e4udetechnikern zusammen, \u201eund bei allen 68 Ma\u00dfnahmen hatten wir die Oberbauleitung inne und waren als ausf\u00fchrende Institution stets vor Ort vertreten\u201c.<\/p>\n<p>Insgesamt, so Obermeier, seien in den Jahren 2009 bis 2011 rund 500 Auftr\u00e4ge vergeben und knapp 4000 Firmen bei Ausschreibungen angeschrieben worden. 94 Prozent aller Auftr\u00e4ge seien letztlich hier im Landkreis Fulda geblieben, die restlichen sechs Prozent h\u00e4tten \u201espezifische Dinge\u201c betroffen, die von Unternehmen in unserem Raum nicht angeboten w\u00fcrden. Dass der Landkreis \u00fcber hervorragend ausgestattete Schulen verf\u00fcge, sei den verantwortlichen Politikern sowohl in der Gegenwart als auch in der Vergangenheit zu verdanken, unterstreicht Obermeier.<\/p>\n<p>Denn auch in der nahen Zukunft wird den Schulen ein Hauptaugenmerk des Fachdienstes gelten: zum einen m\u00fcssen die Einrichtungen sich verst\u00e4rkt der Ganztagsbetreuung widmen und dementsprechend ausgestattet sein (Mensen, Medienecken, B\u00fcchereien), zum anderen sind verschiedene Schulen \u201ein die Jahre gekommen\u201c wie das Wigbertgymnasium H\u00fcnfeld, die L\u00fcdertalschule Gro\u00dfenl\u00fcder oder auch die Rh\u00f6nschule Gersfeld. An anderen Schulen wie der Von-Galen-Schule Eichenzell, der Wernher-von-Braun-Schule Neuhof\u00c2\u00a0 oder der H\u00fcnfelder Paul-Gerhardt-Schule w\u00fcrden die Schulh\u00f6fe saniert, w\u00e4hrend die Comeniusschule Mittelkalbach vier neue Klassenr\u00e4ume bekomme. Sein Fazit: \u201eDas ist schon eine tolle Sache und eine sch\u00f6ne Aufgabe\u201c, schw\u00e4rmt Obermeier, \u201ebeim Planen und Neugestalten mitzuwirken.\u201c<\/p>\n<p>Ein weiterer gro\u00dfer Bereich sind die 410 Kilometer Kreisstra\u00dfen, f\u00fcr deren Betreuung Stefan Rabsch als Regionalmanager zust\u00e4ndig ist. Auch in diese Infrastruktur werde sehr viel investiert, so Obermeier, dem zufolge das fuldische Kreisstra\u00dfensystem \u201evorbildlich in ganz Hessen ist.\u201c Denn gut ausgestattete\u00c2\u00a0 Verkehrsverbindungen seien immer auch ein St\u00fcck Lebensqualit\u00e4t f\u00fcr die Bev\u00f6lkerung. \u00dcberhaupt stehe der Servicegedanke ganz obenan beim Fachdienst Geb\u00e4udemanagement, was auch das Beispiel der Zulassungsstelle zeige: Die wurde \u201ew\u00e4hrend des laufenden Konjunkturprogramms an den Schulen\u201c als Projekt dazwischengeschoben und in der Kreuzbergstra\u00dfe neu konzipiert.<\/p>\n<p>Bliebe als letztes Bet\u00e4tigungsfeld der \u201eEigenbetrieb Energiewirtschaft\u201c, bei dem man bestrebt ist, im energetischen Bereich \u201eganz vorne dabei zu sein\u201c. Dies betrifft laut Obermeier die Bereiche Photovoltaik und Erdw\u00e4rme, aber auch Blockheizkraftwerke, wie sie an vier Schulstandorten Gersfeld, Gro\u00dfenl\u00fcder, Eichenzell und Neuhof realisiert seien.<\/p>\n","protected":false},"excerpt":{"rendered":"<div class=\"tmnf_excerpt\"><p>Fulda. \u201eAus 3 mach 1\u201c: Was am 15. M\u00e4rz 2006 seinen Anfang nahm, hat sich im Laufe der vergangenen knapp sechseinhalb Jahre zu einem Fachdienst der Kreisverwaltung Fulda entwickelt, dessen Mitarbeiterinnen und Mitarbeiter f\u00fcr eine Vielzahl von Aufgaben zust\u00e4ndig sind: das Geb\u00e4udemanagement. \u201eKomplett in den neu geschaffenen Fachdienst integriert wurden die Hochbauabteilung und das Amt &hellip;<\/p>\n<\/div>","protected":false},"author":1,"featured_media":0,"comment_status":"closed","ping_status":"closed","sticky":false,"template":"","format":"standard","meta":{"footnotes":""},"categories":[1,29,78],"tags":[],"class_list":["post-100794","post","type-post","status-publish","format-standard","hentry","category-startseite","category-politik","category-topthema"],"_links":{"self":[{"href":"https:\/\/www.fuldaernachrichten.de\/index.php?rest_route=\/wp\/v2\/posts\/100794","targetHints":{"allow":["GET"]}}],"collection":[{"href":"https:\/\/www.fuldaernachrichten.de\/index.php?rest_route=\/wp\/v2\/posts"}],"about":[{"href":"https:\/\/www.fuldaernachrichten.de\/index.php?rest_route=\/wp\/v2\/types\/post"}],"author":[{"embeddable":true,"href":"https:\/\/www.fuldaernachrichten.de\/index.php?rest_route=\/wp\/v2\/users\/1"}],"replies":[{"embeddable":true,"href":"https:\/\/www.fuldaernachrichten.de\/index.php?rest_route=%2Fwp%2Fv2%2Fcomments&post=100794"}],"version-history":[{"count":0,"href":"https:\/\/www.fuldaernachrichten.de\/index.php?rest_route=\/wp\/v2\/posts\/100794\/revisions"}],"wp:attachment":[{"href":"https:\/\/www.fuldaernachrichten.de\/index.php?rest_route=%2Fwp%2Fv2%2Fmedia&parent=100794"}],"wp:term":[{"taxonomy":"category","embeddable":true,"href":"https:\/\/www.fuldaernachrichten.de\/index.php?rest_route=%2Fwp%2Fv2%2Fcategories&post=100794"},{"taxonomy":"post_tag","embeddable":true,"href":"https:\/\/www.fuldaernachrichten.de\/index.php?rest_route=%2Fwp%2Fv2%2Ftags&post=100794"}],"curies":[{"name":"wp","href":"https:\/\/api.w.org\/{rel}","templated":true}]}}