{"id":100792,"date":"2012-08-10T00:10:05","date_gmt":"2012-08-10T00:10:05","guid":{"rendered":"http:\/\/www.fuldaer-nachrichten.de\/?p=100792"},"modified":"2012-08-09T11:27:21","modified_gmt":"2012-08-09T11:27:21","slug":"neues-halbjahresprogramm-fur-senioren","status":"publish","type":"post","link":"https:\/\/www.fuldaernachrichten.de\/?p=100792","title":{"rendered":"Neues Halbjahresprogramm f\u00fcr Senioren"},"content":{"rendered":"<p><a href=\"http:\/\/www.fuldaer-nachrichten.de\/wp-content\/uploads\/2012\/08\/Brosch\u00fcre-Senioren.jpg\"><img fetchpriority=\"high\" decoding=\"async\" class=\"alignleft size-thumbnail wp-image-100793\" title=\"Brosch\u00fcre Senioren\" src=\"http:\/\/www.fuldaer-nachrichten.de\/wp-content\/uploads\/2012\/08\/Brosch\u00fcre-Senioren-265x376.jpg\" alt=\"\" width=\"265\" height=\"376\" \/><\/a>Fulda (cp). Die Stadt Fulda organisiert eine Vielzahl an Veranstaltungen f\u00fcr \u00e4ltere B\u00fcrgerinnen und B\u00fcrger. Damit diese auch nachlesen k\u00f6nnen, was wann und wo von der Stadt angeboten wird, erscheint jetzt das Veranstaltungsprogramm f\u00fcr das zweite Halbjahr 2012 in einer neuen optisch ansprechenden Form. Die Inhalte des fr\u00fcheren Seniorenplanes der Stadt Fulda und des Programms der Volkshochschule der Stadt Fulda f\u00fcr die Zielgruppe ab 50 sind damit in einer \u00fcbersichtlichen kalendarischen Form zusammengefasst. <!--more--><\/p>\n<p>\u201eBeim Bl\u00e4ttern in der neuen Brosch\u00fcre bekommt man Lust, selbst aktiv zu werden\u201c, so B\u00fcrgermeister Dr. Wolfgang Dippel. Das Spektrum reicht vom Volksliedersingen \u00fcber Besichtigungen bis hin zu Rechtsvortr\u00e4gen. \u201eSelbstverst\u00e4ndlich sind wir an Anregungen interessiert, damit das Angebot in der Zukunft noch vielf\u00e4ltiger wird\u201c, erkl\u00e4rt Sozialdezernent Dr. Dippel.<\/p>\n<p><strong>\u00dcbersicht \u00fcber Veranstaltungen<\/strong><br \/>\nDie Brosch\u00fcre \u201eUnsere Veranstaltungen f\u00fcr \u00e4ltere Menschen\u201c ist erh\u00e4ltlich im B\u00fcrgerb\u00fcro, in der Servicestelle Soziales und im Seniorenb\u00fcro. Eine \u00dcbersicht \u00fcber die Veranstaltungen finden Sie auch auf der Internetseite der Stadt im Veranstaltungskalender unter www.fulda.de.<\/p>\n","protected":false},"excerpt":{"rendered":"<div class=\"tmnf_excerpt\"><p>Fulda (cp). Die Stadt Fulda organisiert eine Vielzahl an Veranstaltungen f\u00fcr \u00e4ltere B\u00fcrgerinnen und B\u00fcrger. Damit diese auch nachlesen k\u00f6nnen, was wann und wo von der Stadt angeboten wird, erscheint jetzt das Veranstaltungsprogramm f\u00fcr das zweite Halbjahr 2012 in einer neuen optisch ansprechenden Form. Die Inhalte des fr\u00fcheren Seniorenplanes der Stadt Fulda und des Programms &hellip;<\/p>\n<\/div>","protected":false},"author":1,"featured_media":0,"comment_status":"closed","ping_status":"closed","sticky":false,"template":"","format":"standard","meta":{"footnotes":""},"categories":[1,44],"tags":[],"class_list":["post-100792","post","type-post","status-publish","format-standard","hentry","category-startseite","category-kultur"],"_links":{"self":[{"href":"https:\/\/www.fuldaernachrichten.de\/index.php?rest_route=\/wp\/v2\/posts\/100792","targetHints":{"allow":["GET"]}}],"collection":[{"href":"https:\/\/www.fuldaernachrichten.de\/index.php?rest_route=\/wp\/v2\/posts"}],"about":[{"href":"https:\/\/www.fuldaernachrichten.de\/index.php?rest_route=\/wp\/v2\/types\/post"}],"author":[{"embeddable":true,"href":"https:\/\/www.fuldaernachrichten.de\/index.php?rest_route=\/wp\/v2\/users\/1"}],"replies":[{"embeddable":true,"href":"https:\/\/www.fuldaernachrichten.de\/index.php?rest_route=%2Fwp%2Fv2%2Fcomments&post=100792"}],"version-history":[{"count":0,"href":"https:\/\/www.fuldaernachrichten.de\/index.php?rest_route=\/wp\/v2\/posts\/100792\/revisions"}],"wp:attachment":[{"href":"https:\/\/www.fuldaernachrichten.de\/index.php?rest_route=%2Fwp%2Fv2%2Fmedia&parent=100792"}],"wp:term":[{"taxonomy":"category","embeddable":true,"href":"https:\/\/www.fuldaernachrichten.de\/index.php?rest_route=%2Fwp%2Fv2%2Fcategories&post=100792"},{"taxonomy":"post_tag","embeddable":true,"href":"https:\/\/www.fuldaernachrichten.de\/index.php?rest_route=%2Fwp%2Fv2%2Ftags&post=100792"}],"curies":[{"name":"wp","href":"https:\/\/api.w.org\/{rel}","templated":true}]}}