{"id":100784,"date":"2012-08-10T00:11:35","date_gmt":"2012-08-10T00:11:35","guid":{"rendered":"http:\/\/www.fuldaer-nachrichten.de\/?p=100784"},"modified":"2012-08-09T11:10:45","modified_gmt":"2012-08-09T11:10:45","slug":"rock-am-sickelser-bolzplatz-live-musik-bis-die-luft-brennt","status":"publish","type":"post","link":"https:\/\/www.fuldaernachrichten.de\/?p=100784","title":{"rendered":"Rock am Sickelser Bolzplatz \u00e2\u20ac\u00a6 Live-Musik, bis die Luft brennt"},"content":{"rendered":"<p>Fulda. Dass in Sickels nicht nur toller Fu\u00dfball gespielt wird, sondern auch kulturell die Post abgeht, beweist der Fu\u00dfballverein SG Sickels am Samstag, den 25. August 2012 aus Anlass des diesj\u00e4hrigen Vereinsfests mit einem Open-Air-Konzert. Angek\u00fcndigt zum \u201eRock am Bolzplatz\u201c haben sich zwei absolute Super-Bands: \u201eThe Crunch\u201c und \u201eendeOktober\u201c. Die Band \u201eendeOktober\u201c gewann den OSTHESSEN BAND CONTEST 2011 und wurde zur besten Nachwuchsband Osthessens gew\u00e4hlt. Mittlerweile liegt auch schon das erste Album vor. <!--more--><\/p>\n<p>\u201eThe Crunch\u201c erhielt beim Contest den Jury-Sonderpreis f\u00fcr das beste Video, auch sie sind auf dem Weg an die Spitze. Beide Bands garantieren dem hoffentlich zahlreich erscheinenden Publikum tolle Live-Musik und Super-Stimmung. Komplettiert wird das gro\u00dfartige Konzertereignis durch eine hoffnungsvolle Newcomer-Band aus dem Fuldaer Westen sowie \u201eRichie\u00e2\u20ac\u2122s Cool Band\u201c.<\/p>\n<p>Die Newcomer-Band, bestehend aus Annkathrin Brand (Gesang), Felix Gottwald\u00c2\u00a0 (1. Gitarre), Gabriel Engelhardt (2. Gitarre), Aaron Wehner (Schlagzeug) und Marius Lomb (Bass), existiert seit April 2012 und spielt satte Rockmusik. Bisher fehlte noch die Zeit, um einen passenden Bandnamen zu finden, aber vielleicht kann ja das Publikum ihnen ein wenig helfen. Ihren ersten Auftritt hatten die F\u00fcnf bereits als Vorband der \u201eSoundaholics\u201c, nun freuen sie sich auf ihren zweiten gro\u00dfen Auftritt beim \u201eRock am Bolzplatz\u201c. \u201eRichie\u00e2\u20ac\u2122s Cool Band\u201c , die Lehrerband der Richard-M\u00fcller-Schule, spielen sich in bew\u00e4hrter Manier kreuz und quer durch die Klassiker der Rock- und Pop-Musik und sprechen mit ihrem Programm ein gemischtes Publikum aus Jung und Alt an.<\/p>\n<p>Einlass beim \u201eRock am Bolzplatz\u201c in Sickels am 25. August 2012 ist um 19.00 Uhr, Konzertbeginn um 19.30 Uhr. Eintritt: VVK 4,- Euro \/ AK 5,- Euro. Vorverkaufsstellen: Friseur Slabowski, Fulda-Galerie, Edeka Melzer, Fulda-Galerie; Backshop M\u00fcller, Fulda-Sickels; Getr\u00e4nke-Koch, Fulda, K\u00fcnzeller Str.; Tankstelle Welle, Fulda Ochsenwiese<\/p>\n<p>&nbsp;<\/p>\n","protected":false},"excerpt":{"rendered":"<div class=\"tmnf_excerpt\"><p>Fulda. Dass in Sickels nicht nur toller Fu\u00dfball gespielt wird, sondern auch kulturell die Post abgeht, beweist der Fu\u00dfballverein SG Sickels am Samstag, den 25. August 2012 aus Anlass des diesj\u00e4hrigen Vereinsfests mit einem Open-Air-Konzert. Angek\u00fcndigt zum \u201eRock am Bolzplatz\u201c haben sich zwei absolute Super-Bands: \u201eThe Crunch\u201c und \u201eendeOktober\u201c. Die Band \u201eendeOktober\u201c gewann den OSTHESSEN &hellip;<\/p>\n<\/div>","protected":false},"author":1,"featured_media":0,"comment_status":"closed","ping_status":"closed","sticky":false,"template":"","format":"standard","meta":{"footnotes":""},"categories":[1,44],"tags":[],"class_list":["post-100784","post","type-post","status-publish","format-standard","hentry","category-startseite","category-kultur"],"_links":{"self":[{"href":"https:\/\/www.fuldaernachrichten.de\/index.php?rest_route=\/wp\/v2\/posts\/100784","targetHints":{"allow":["GET"]}}],"collection":[{"href":"https:\/\/www.fuldaernachrichten.de\/index.php?rest_route=\/wp\/v2\/posts"}],"about":[{"href":"https:\/\/www.fuldaernachrichten.de\/index.php?rest_route=\/wp\/v2\/types\/post"}],"author":[{"embeddable":true,"href":"https:\/\/www.fuldaernachrichten.de\/index.php?rest_route=\/wp\/v2\/users\/1"}],"replies":[{"embeddable":true,"href":"https:\/\/www.fuldaernachrichten.de\/index.php?rest_route=%2Fwp%2Fv2%2Fcomments&post=100784"}],"version-history":[{"count":0,"href":"https:\/\/www.fuldaernachrichten.de\/index.php?rest_route=\/wp\/v2\/posts\/100784\/revisions"}],"wp:attachment":[{"href":"https:\/\/www.fuldaernachrichten.de\/index.php?rest_route=%2Fwp%2Fv2%2Fmedia&parent=100784"}],"wp:term":[{"taxonomy":"category","embeddable":true,"href":"https:\/\/www.fuldaernachrichten.de\/index.php?rest_route=%2Fwp%2Fv2%2Fcategories&post=100784"},{"taxonomy":"post_tag","embeddable":true,"href":"https:\/\/www.fuldaernachrichten.de\/index.php?rest_route=%2Fwp%2Fv2%2Ftags&post=100784"}],"curies":[{"name":"wp","href":"https:\/\/api.w.org\/{rel}","templated":true}]}}