{"id":100783,"date":"2012-08-10T00:11:25","date_gmt":"2012-08-10T00:11:25","guid":{"rendered":"http:\/\/www.fuldaer-nachrichten.de\/?p=100783"},"modified":"2012-08-09T11:08:47","modified_gmt":"2012-08-09T11:08:47","slug":"erlebnis-hochmoor-greifvogel-der-hochrhon-apfelweinabend-veranstaltungen-des-biospharenreservats","status":"publish","type":"post","link":"https:\/\/www.fuldaernachrichten.de\/?p=100783","title":{"rendered":"Erlebnis Hochmoor, Greifv\u00f6gel der Hochrh\u00f6n &#038; Apfelweinabend &#8211; Veranstaltungen des Biosph\u00e4renreservats"},"content":{"rendered":"<p><strong><\/strong>Rh\u00f6n. Auf einem kulturhistorischen Spaziergang \u00fcber den Bohlenpfad im Naturschutzgebiet Rotes Moor berichtet Julia Djabalameli \u00fcber die Entstehung des Moores und seine Besonderheiten. Treffpunkt ist am <strong>17. August 2012<\/strong> um 10.00 Uhr am Haus am Roten Moor, Parkplatz Moordorf an der B 278. Kosten: 3,00 \u00e2\u201a\u00ac, je Kind 1,50 \u00e2\u201a\u00ac.<!--more--><\/p>\n<p><strong>Greifv\u00f6gel der Hochrh\u00f6n<\/strong><br \/>\nFalkner Michael Schanze erkl\u00e4rt, begleitet von Jagdhund und Greifvogel, die einzelnen Arten und ihre Lebensr\u00e4ume im Roten Moor. Treffpunkt ist am <strong>18. August<\/strong> um 10.00 Uhr am Haus am Roten Moor, Parkplatz Moordorf an der B 278. Kosten: 4,50 pro Teilnehmer. Anmeldung und Info unter Tel. 0152-09776980.<\/p>\n<p><strong>La Pala \u2013 die Andentour<\/strong><br \/>\nAb <strong>18. August<\/strong> bietet Johannes N\u00fcdling eine Zwei-Tagestour mit den Rh\u00f6n-Lamas an, eine Tour mit Pan-Fl\u00f6ten Musik am Lagerfeuer. Weitere Infos erhalten Sie unter <a href=\"http:\/\/www.rhoenlamas.de\/\">www.rhoenlamas.de<\/a> oder Tel. 06658 \u2013 1600.<\/p>\n<p><strong>Der ganz andere Sommerabend<\/strong><br \/>\nApfelwein-Sommelier Michael St\u00f6ckl kocht und trinkt gegen Kelterer J\u00fcrgen Krenzer \u2013 und Sie k\u00f6nnen mitmischen! Live gekocht wird am 24. August ab 19.00 Uhr eine Rh\u00f6ner Paella in der Riesenpfanne, dazu gibt es eine Apfelweinverkostung. Weitere Infos unter Tel.06683 \u2013 96340 oder <a href=\"http:\/\/www.rhoenerlebnis.de\/\">www.rhoenerlebnis.de<\/a>.<\/p>\n","protected":false},"excerpt":{"rendered":"<div class=\"tmnf_excerpt\"><p>Rh\u00f6n. Auf einem kulturhistorischen Spaziergang \u00fcber den Bohlenpfad im Naturschutzgebiet Rotes Moor berichtet Julia Djabalameli \u00fcber die Entstehung des Moores und seine Besonderheiten. Treffpunkt ist am 17. August 2012 um 10.00 Uhr am Haus am Roten Moor, Parkplatz Moordorf an der B 278. Kosten: 3,00 \u00e2\u201a\u00ac, je Kind 1,50 \u00e2\u201a\u00ac.<\/p>\n<\/div>","protected":false},"author":1,"featured_media":0,"comment_status":"closed","ping_status":"closed","sticky":false,"template":"","format":"standard","meta":{"footnotes":""},"categories":[1,52],"tags":[],"class_list":["post-100783","post","type-post","status-publish","format-standard","hentry","category-startseite","category-umwelt"],"_links":{"self":[{"href":"https:\/\/www.fuldaernachrichten.de\/index.php?rest_route=\/wp\/v2\/posts\/100783","targetHints":{"allow":["GET"]}}],"collection":[{"href":"https:\/\/www.fuldaernachrichten.de\/index.php?rest_route=\/wp\/v2\/posts"}],"about":[{"href":"https:\/\/www.fuldaernachrichten.de\/index.php?rest_route=\/wp\/v2\/types\/post"}],"author":[{"embeddable":true,"href":"https:\/\/www.fuldaernachrichten.de\/index.php?rest_route=\/wp\/v2\/users\/1"}],"replies":[{"embeddable":true,"href":"https:\/\/www.fuldaernachrichten.de\/index.php?rest_route=%2Fwp%2Fv2%2Fcomments&post=100783"}],"version-history":[{"count":0,"href":"https:\/\/www.fuldaernachrichten.de\/index.php?rest_route=\/wp\/v2\/posts\/100783\/revisions"}],"wp:attachment":[{"href":"https:\/\/www.fuldaernachrichten.de\/index.php?rest_route=%2Fwp%2Fv2%2Fmedia&parent=100783"}],"wp:term":[{"taxonomy":"category","embeddable":true,"href":"https:\/\/www.fuldaernachrichten.de\/index.php?rest_route=%2Fwp%2Fv2%2Fcategories&post=100783"},{"taxonomy":"post_tag","embeddable":true,"href":"https:\/\/www.fuldaernachrichten.de\/index.php?rest_route=%2Fwp%2Fv2%2Ftags&post=100783"}],"curies":[{"name":"wp","href":"https:\/\/api.w.org\/{rel}","templated":true}]}}