{"id":100774,"date":"2012-08-10T00:10:54","date_gmt":"2012-08-10T00:10:54","guid":{"rendered":"http:\/\/www.fuldaer-nachrichten.de\/?p=100774"},"modified":"2012-08-08T11:41:30","modified_gmt":"2012-08-08T11:41:30","slug":"kostenlose-beratung-fur-existenzgrunder-3","status":"publish","type":"post","link":"https:\/\/www.fuldaernachrichten.de\/?p=100774","title":{"rendered":"Kostenlose Beratung f\u00fcr Existenzgr\u00fcnder"},"content":{"rendered":"<p>Fulda Am Dienstag, 21. August 2012 ber\u00e4t das StarterCenter Hessen von 9:00 bis 13:00 Uhr in individuellen Beratungsgespr\u00e4chen Existenzgr\u00fcnder aus allen Branchen. Ort der Veranstaltung ist die Industrie- und Handelskammer Fulda (IHK), Heinrichstra\u00dfe 8. IHKs, Handwerkskammern und zahlreiche andere Institutionen haben ihre Dienstleistung f\u00fcr Existenzgr\u00fcnder unter dem Dach des StarterCenter Hessens wirkungsvoll geb\u00fcndelt. Der Vorteil f\u00fcr Existenzgr\u00fcnder: Sie haben nur eine Anlaufstelle mit vielf\u00e4ltiger Beratung zu Steuer-, Rechts-, Marketing- und Finanzierungsfragen. Neben den Beratern der IHK stehen am 21. August ein Steuerberater, ein Rechtsanwalt und ein Vertreter der RKW Hessen GmbH Rede und Antwort. Anmeldungen f\u00fcr die Beratungstermine: Telefon 0661 284-15, Sabrina K\u00fcmmel-Naderer, E-Mail: kuemmel@fulda.ihk.de.<\/p>\n","protected":false},"excerpt":{"rendered":"<div class=\"tmnf_excerpt\"><p>Fulda Am Dienstag, 21. August 2012 ber\u00e4t das StarterCenter Hessen von 9:00 bis 13:00 Uhr in individuellen Beratungsgespr\u00e4chen Existenzgr\u00fcnder aus allen Branchen. Ort der Veranstaltung ist die Industrie- und Handelskammer Fulda (IHK), Heinrichstra\u00dfe 8. IHKs, Handwerkskammern und zahlreiche andere Institutionen haben ihre Dienstleistung f\u00fcr Existenzgr\u00fcnder unter dem Dach des StarterCenter Hessens wirkungsvoll geb\u00fcndelt. Der Vorteil &hellip;<\/p>\n<\/div>","protected":false},"author":1,"featured_media":0,"comment_status":"closed","ping_status":"closed","sticky":false,"template":"","format":"standard","meta":{"footnotes":""},"categories":[1,29],"tags":[],"class_list":["post-100774","post","type-post","status-publish","format-standard","hentry","category-startseite","category-politik"],"_links":{"self":[{"href":"https:\/\/www.fuldaernachrichten.de\/index.php?rest_route=\/wp\/v2\/posts\/100774","targetHints":{"allow":["GET"]}}],"collection":[{"href":"https:\/\/www.fuldaernachrichten.de\/index.php?rest_route=\/wp\/v2\/posts"}],"about":[{"href":"https:\/\/www.fuldaernachrichten.de\/index.php?rest_route=\/wp\/v2\/types\/post"}],"author":[{"embeddable":true,"href":"https:\/\/www.fuldaernachrichten.de\/index.php?rest_route=\/wp\/v2\/users\/1"}],"replies":[{"embeddable":true,"href":"https:\/\/www.fuldaernachrichten.de\/index.php?rest_route=%2Fwp%2Fv2%2Fcomments&post=100774"}],"version-history":[{"count":0,"href":"https:\/\/www.fuldaernachrichten.de\/index.php?rest_route=\/wp\/v2\/posts\/100774\/revisions"}],"wp:attachment":[{"href":"https:\/\/www.fuldaernachrichten.de\/index.php?rest_route=%2Fwp%2Fv2%2Fmedia&parent=100774"}],"wp:term":[{"taxonomy":"category","embeddable":true,"href":"https:\/\/www.fuldaernachrichten.de\/index.php?rest_route=%2Fwp%2Fv2%2Fcategories&post=100774"},{"taxonomy":"post_tag","embeddable":true,"href":"https:\/\/www.fuldaernachrichten.de\/index.php?rest_route=%2Fwp%2Fv2%2Ftags&post=100774"}],"curies":[{"name":"wp","href":"https:\/\/api.w.org\/{rel}","templated":true}]}}